{"id":427,"date":"2009-01-07T02:03:44","date_gmt":"2009-01-07T00:03:44","guid":{"rendered":"http:\/\/www.dailyarvel.de\/?p=427"},"modified":"2009-01-10T22:00:38","modified_gmt":"2009-01-10T20:00:38","slug":"der-rest-von-berlin","status":"publish","type":"post","link":"http:\/\/www.dailyarvel.de\/?p=427","title":{"rendered":"Der Rest von Berlin&#8230;"},"content":{"rendered":"<p>Ich habe ja bereits \u00fcber die erste H\u00e4lfte berichtet habe, hier nun die Zusammenfassung des Rests.<\/p>\n<p>Es war der 30. Dezember&#8230; und damit auch der letzte Tag des 25C3. Und da f\u00fcr diesen Tag noch ein paar gute Vortr\u00e4ge angek\u00fcndigt worden sind, machte ich noch einmal einen gro\u00dfen Rundumschlag. Gegen 11.30 begann der erste Talk &#8222;<a href=\"http:\/\/events.ccc.de\/congress\/2008\/Fahrplan\/events\/3004.en.html\">Why Technology Sucks<\/a>&#8222;. Laut Homepage wurde uns ein &#8222;fun talk&#8220; versprochen. Letztendlich wurde der Talk (wom\u00f6glich durch die Verhinderung des Dozierenden aus pers\u00f6nlichen Gr\u00fcnden) durch die Neubesetzung etwas&#8230; anders&#8230; n\u00e4mlich langweilig. Letztendlich ging es um holl\u00e4ndische Datenschutzprobleme im Verkehrswesen&#8230; und nochn paar andere Dinge, die an mir vorbeigegangen sind.<\/p>\n<figure id=\"attachment_485\" aria-describedby=\"caption-attachment-485\" style=\"width: 816px\" class=\"wp-caption aligncenter\"><img loading=\"lazy\" decoding=\"async\" class=\"size-full wp-image-485\" src=\"http:\/\/www.dailyarvel.de\/wp-content\/uploads\/2009\/01\/100_6223.jpg\" alt=\"Vor einem Talk...\" width=\"816\" height=\"460\" srcset=\"http:\/\/www.dailyarvel.de\/wp-content\/uploads\/2009\/01\/100_6223.jpg 816w, http:\/\/www.dailyarvel.de\/wp-content\/uploads\/2009\/01\/100_6223-300x169.jpg 300w\" sizes=\"auto, (max-width: 816px) 100vw, 816px\" \/><figcaption id=\"caption-attachment-485\" class=\"wp-caption-text\">Vor einem Talk...<\/figcaption><\/figure>\n<figure id=\"attachment_486\" aria-describedby=\"caption-attachment-486\" style=\"width: 816px\" class=\"wp-caption aligncenter\"><img loading=\"lazy\" decoding=\"async\" class=\"size-full wp-image-486\" src=\"http:\/\/www.dailyarvel.de\/wp-content\/uploads\/2009\/01\/100_6225.jpg\" alt=\"in a related matter... this talk sucked, too ^^\" width=\"816\" height=\"460\" srcset=\"http:\/\/www.dailyarvel.de\/wp-content\/uploads\/2009\/01\/100_6225.jpg 816w, http:\/\/www.dailyarvel.de\/wp-content\/uploads\/2009\/01\/100_6225-300x169.jpg 300w\" sizes=\"auto, (max-width: 816px) 100vw, 816px\" \/><figcaption id=\"caption-attachment-486\" class=\"wp-caption-text\">in a related matter... this talk sucked, too ^^<\/figcaption><\/figure>\n<p>Kurz darauf ging es dann in HS 2 zu dem Thema &#8222;<a href=\"http:\/\/events.ccc.de\/congress\/2008\/Fahrplan\/events\/2791.en.html\">La Quadrature du Net<\/a>&#8222;. Nun&#8230; der Talk behandelte ein \u00e4u\u00dferst wichtiges Thema, n\u00e4mlich die Bestrebungen, Datenschutzrechtlichen Unsinn aus EU-Gesetzen zu verdr\u00e4ngen.\u00a0 Leider war auch dieser Talk nich sehr besonders reizend, da ziemlich viele Gesetzestexte an die Wand geballert wurden.<\/p>\n<p>Naja&#8230; gleicher Raum, und ne Stunde sp\u00e4ter gabs dann den n\u00e4chsten Talk&#8230; &#8222;<a href=\"http:\/\/events.ccc.de\/congress\/2008\/Fahrplan\/events\/2942.en.html\">Vertex Hacking<\/a>&#8220; mit dem Untertitel &#8222;Reverse-Engineering von 3D-Datenformaten&#8220;. Nun, stellenweise hat mich der Typ ein bisserl vom Stil her erinnert an R\u00fcdiger Hoffmann&#8230; allerdings ohne witzig zu sein.<\/p>\n<p>Gut&#8230; es konnte ja nur besser werden&#8230; Also zum letzten Talk f\u00fcr heute&#8230; &#8222;<a href=\"http:\/\/events.ccc.de\/congress\/2008\/Fahrplan\/events\/3023.en.html\">Making the theoretical possible<\/a>&#8222;&#8230; Ich bin also aus Saal 2 herausgegangen um zum 1. Saal zu gehen. Auf dem Weg dorthin las ich auf dem Aushang, dass der Talk&#8230; \u00fcberklebt wurde&#8230; mit einem neuen Titel &#8222;md5 considered harmful today&#8220;&#8230; ooooook&#8230; Dann also in den Talk&#8230; Allerdings gings erstmal nicht rein, denn irgendwie war der Saal absolut \u00fcberf\u00fcllt. Erst nach ca. 10 Minuten konnte ich hinein und habe mir gerade so einen Sitzplatz ergattern k\u00f6nnen (danke nochmal \ud83d\ude42 ).<\/p>\n<figure id=\"attachment_487\" aria-describedby=\"caption-attachment-487\" style=\"width: 816px\" class=\"wp-caption aligncenter\"><img loading=\"lazy\" decoding=\"async\" class=\"size-full wp-image-487\" src=\"http:\/\/www.dailyarvel.de\/wp-content\/uploads\/2009\/01\/100_6235.jpg\" alt=\"Der Tag, an dem md5 gekillt wurde... Ich war dabei :)\" width=\"816\" height=\"460\" srcset=\"http:\/\/www.dailyarvel.de\/wp-content\/uploads\/2009\/01\/100_6235.jpg 816w, http:\/\/www.dailyarvel.de\/wp-content\/uploads\/2009\/01\/100_6235-300x169.jpg 300w\" sizes=\"auto, (max-width: 816px) 100vw, 816px\" \/><figcaption id=\"caption-attachment-487\" class=\"wp-caption-text\">Der Tag, an dem md5 gekillt wurde... Ich war dabei \ud83d\ude42<\/figcaption><\/figure>\n<figure id=\"attachment_488\" aria-describedby=\"caption-attachment-488\" style=\"width: 816px\" class=\"wp-caption aligncenter\"><img loading=\"lazy\" decoding=\"async\" class=\"size-full wp-image-488\" src=\"http:\/\/www.dailyarvel.de\/wp-content\/uploads\/2009\/01\/100_6245.jpg\" alt=\"md5-Killer\" width=\"816\" height=\"460\" srcset=\"http:\/\/www.dailyarvel.de\/wp-content\/uploads\/2009\/01\/100_6245.jpg 816w, http:\/\/www.dailyarvel.de\/wp-content\/uploads\/2009\/01\/100_6245-300x169.jpg 300w\" sizes=\"auto, (max-width: 816px) 100vw, 816px\" \/><figcaption id=\"caption-attachment-488\" class=\"wp-caption-text\">md5-Killer<\/figcaption><\/figure>\n<p>Was sich dann in den folgenden anderthalben Stunden auf der B\u00fchne abgespielt hat, ist nur schwer zu beschreiben. ich kann nur sagen, ich war dabei gewesen. Live. Am Tag, als md5 zu Grabe getragen wurde. Mittels der bekannte Angriffstechniken, die in den letzten Jahren entwickelt worden sind (und bislang nur theoretische Angriffe waren), hat ein Team aus Hackern und Wissenschaftlern es geschafft, eine Schwachstelle von CAs zu nutzen. Denn viele Zertifikate werden heute immer noch mittels md5 zertifiziert. Nun ist es aber gelungen, Kollisionen zu konstruieren und sich damit ein Zertifikat als CA ausstellen zu lassen&#8230; Watt sehr schei\u00dfe is&#8230; Denn in dem Augenblick, wenn man sich selbst zu einer CA gemacht hat&#8230; kann man sich so viele beliebige Zertifikate ausstellen, wie man will. Was f\u00fcr den heutigen Online-Zahlungsverkehr t\u00f6dlich werden k\u00f6nnte, sollten die betroffenen Webseiten nicht schnellstens ihre Zertifikate auf sicherere Algorithmen setzen. Denn im schlimmsten Fall kann ein Angreifer, der eine Phishing-Attacke startet, nun nicht nur eine Web-Oberfl\u00e4che nachkonstruieren, sondern auch noch diese mit einem akzeptierten Zertifikat auszeichnen. Was dem potentiellen Angreifer nat\u00fcrlich enorme Chancen zur T\u00e4uschung und zum Betrug verhelfen kann. Dass die Nachricht nicht in der Tagesschau um 20.00 Uhr verbreitet wurde, zeugt doch noch von der Unwissenheit in der Bev\u00f6lkerung vor solchen Gefahren&#8230;<\/p>\n<p>Und damit war dann auch der 25C3 zu Ende. Alle Nerds machten sich auf den Weg; im Eingangsbereich gab es einen riesigen abgesperrten Bereich, wo viele ihre bei der Garderobe ihre Rucks\u00e4cke und Koffer abgestellt hatten. Aber ich hatte ja noch ein paar Tage vor mir. Und ich wollte ja noch diesen &#8230; &#8222;<a href=\"http:\/\/www.dailyarvel.de\/2008\/12\/29\/proof-of-concept\/\">Schwenker<\/a>&#8220; ausprobieren. Und naja&#8230; so halb. Es war zwar eine Art Schwenker, aber irgendwie zu zart und d\u00fcnn. Und die Gew\u00fcrze sind auch anders. Aber was will man auch von Leuten verlangen, die keine So\u00dfe \u00fcber ihre Currywurst kippen. Aber die Frage war nun&#8230; was soll ich machen?<\/p>\n<p>Die Hotelrechnung bezahlen zum Beispiel. Gut, ist ne Idee. Was aber nich so toll war, weil mein Arbeitgeber die Weihnachtszeit dazu genutzt hat, mir eine \u00fcberaus gro\u00dfe Spende zu hinterlegen&#8230; Wohl etwas zu gro\u00df f\u00fcr mein Junges Konto. Was dann dazu gef\u00fchrt hatte, dass ich erst mal b\u00f6s nachdenken musste, wie ich die folgenden Tage planen soll, weil irgendwie pl\u00f6tzlich ein Abhebelimit vorhanden war bei mir&#8230; na toll. Ausserdem hatte ich so langsam einen Narren gefressen an diesen kleinen, d\u00fcnnen, blitzenden Teilen, n\u00e4mlich nen iPod Touch. In Berlin ist mehr oder weniger fast jeder mit so nem Teil rumgelaufen (oder mit nem iPhone, was aber ja fast so \u00e4hnlich aussieht). Jedenfalls steigerte sich das &#8222;Habenwill&#8220;-Gef\u00fchl t\u00e4glich und ab dem 30. sogar st\u00fcndlich. Das Problem an der Geschichte war aber allerdings, dass die 8 und 16 GB Varianten alle in Berlin ausverkauft waren&#8230; restlos. Das wollte ich anfangs nicht so Recht einsehen und so begann also mein Kreuzzug durch halb Berlin.<\/p>\n<p><img loading=\"lazy\" decoding=\"async\" class=\"aligncenter size-full wp-image-489\" src=\"http:\/\/www.dailyarvel.de\/wp-content\/uploads\/2009\/01\/100_62501.jpg\" alt=\"100_62501\" width=\"816\" height=\"460\" srcset=\"http:\/\/www.dailyarvel.de\/wp-content\/uploads\/2009\/01\/100_62501.jpg 816w, http:\/\/www.dailyarvel.de\/wp-content\/uploads\/2009\/01\/100_62501-300x169.jpg 300w\" sizes=\"auto, (max-width: 816px) 100vw, 816px\" \/><\/p>\n<p><img loading=\"lazy\" decoding=\"async\" class=\"aligncenter size-full wp-image-490\" src=\"http:\/\/www.dailyarvel.de\/wp-content\/uploads\/2009\/01\/100_6251.jpg\" alt=\"100_6251\" width=\"816\" height=\"460\" srcset=\"http:\/\/www.dailyarvel.de\/wp-content\/uploads\/2009\/01\/100_6251.jpg 816w, http:\/\/www.dailyarvel.de\/wp-content\/uploads\/2009\/01\/100_6251-300x169.jpg 300w\" sizes=\"auto, (max-width: 816px) 100vw, 816px\" \/><\/p>\n<p>Zuerst einmal in den KaDeWe. Nix. Gut, zur\u00fcck in die U-Bahn. Da ich mir vorher per Google ein wenig dar\u00fcber informiert hatte, wo die ganzen Media M\u00e4rkte zu finden waren, hatte ich so was im Kopf mit &#8222;M\u00e4rkten&#8220; im Namen, also eine U-Bahn-Station. &#8222;M\u00e4rkisches Museum&#8220;&#8230; Das kling \u00e4hnlich dachte ich, und stieg aus. Ich befand mich auf einer langen Strasse ohne n\u00e4here Beschreibungen. Ich bemerkte, dass das Haus neben der Station die Australische Botschaft ist, OK, wenigstens ein Anhaltspunkt. Aber weit und breit kein Media Markt oder Saturn. Also ging ich hoffnungsvoll in Richtung von hellen Lichtern, in der Hoffnung dort einen Supermarkt zu finden, mit Media Markt-Anbindung. Nun, ich fand einen Supermarkt, bzw. eine Markthalle. Das gr\u00f6\u00dfte Unternehmen, dass dort allerdings zu finden war, war Aldi Nord. Und der hat bekanntlich keine iPods.<\/p>\n<p><img loading=\"lazy\" decoding=\"async\" class=\"aligncenter size-full wp-image-491\" src=\"http:\/\/www.dailyarvel.de\/wp-content\/uploads\/2009\/01\/100_62641.jpg\" alt=\"100_62641\" width=\"816\" height=\"460\" srcset=\"http:\/\/www.dailyarvel.de\/wp-content\/uploads\/2009\/01\/100_62641.jpg 816w, http:\/\/www.dailyarvel.de\/wp-content\/uploads\/2009\/01\/100_62641-300x169.jpg 300w\" sizes=\"auto, (max-width: 816px) 100vw, 816px\" \/><img loading=\"lazy\" decoding=\"async\" class=\"aligncenter size-full wp-image-492\" src=\"http:\/\/www.dailyarvel.de\/wp-content\/uploads\/2009\/01\/100_6266.jpg\" alt=\"100_6266\" width=\"816\" height=\"460\" srcset=\"http:\/\/www.dailyarvel.de\/wp-content\/uploads\/2009\/01\/100_6266.jpg 816w, http:\/\/www.dailyarvel.de\/wp-content\/uploads\/2009\/01\/100_6266-300x169.jpg 300w\" sizes=\"auto, (max-width: 816px) 100vw, 816px\" \/><\/p>\n<p>Langsam k\u00e4mpfte ich mich immer weiter durch die immer k\u00e4lter werdenden Abend. Denn w\u00e4hrend <a href=\"http:\/\/www.youtube.com\/watch?v=F1HDZNR9cY4\">Paris gerade am brennen<\/a> ist, bekomme ich immer mehr die beissende K\u00e4lte des heranbrechenden Winters zu sp\u00fcren. Und es war schei\u00dfkalt. Nun ja&#8230; Nachdem ich eingesehen habe, dass hier kein Media Markt zu finden ist, habe ich dann den R\u00fcckzug angetreten in Richtung Jannowitz-Br\u00fccke. Auf dem Weg ist mir allerdings eingefallen, dass dieses legend\u00e4re c-Base auf dem Weg liegt. Also beschloss ich spontan, da mal vorbeizuschauen, wie dieses Ufo denn nun aussieht. Als ich in der besagten Rungestra\u00dfe angekommen bin (weil Runge kann man sich als Halbmathematiker seeeehr gut merken), habe ich gleich Ausschau gehalten nach einem Ufo&#8230; oder zumindest einem entsprechend aussehenden Etablissement. Aber bis auf ein Heizkraftwerk der Firma Vattenfall war das Ufo ein NoShow. Gut&#8230; dann gehen wir halt eben weiter \u00fcber die Br\u00fccke und sah noch eine Botschaft mit leichter Bewachung&#8230; ein kurzer Blick zeigte mir, dass es sich hier um die chinesische handelte. Wobei die mich eher an Geheimdienstgeb\u00e4ude in UK erinnerte&#8230; Danach ging ich an dem Weihnachtsmarkt vor dem Alexa vorbei, ehe ich in die S-Bahn eingesteigen bin, um zum Hackeschen Markt zu fahren. Vielleicht findet man da ja was&#8230; Und nein. Auch dort war nix zu finden. Also beschloss ich die N\u00e4he zu meinem Hotel auszunutzen und ging zu Fuss nach Hause. Da es schon recht sp\u00e4t war, entschied ich mich, das Restaurant im Hotel auszuprobieren&#8230; das &#8222;Fabisch&#8220;. Und ich muss sagen, das Hotel incl Restaurant &#8222;Fabisch&#8220; gefiel mir von Tag zu Tag besser. Richtig gute K\u00fcche hatten die. Und dann war auch schon der Tag zu Ende.<\/p>\n<p>Der n\u00e4chste Tag musste geplant werden. Da ich aus meinem Media Markt-Debakel gelernt hatte, und ich noch einige ausgedruckte Netzkarten hatte, markierte ich einfach mal alle Media M\u00e4rkte und Sat\u00fcrne (ist das der Plural ? *g*) auf meiner Karte. Ein langer Tag stand bevor. Denn laut meinem Einkaufsplaner gilt f\u00fcr Berlin auch am 31.12. die M\u00f6glichkeit, den ganzen Tag einkaufen zu k\u00f6nnen. Also ab gehts. Attacke. Auf zum Gesundbrunnen. Wo ich ja schon bei meiner Ankunft gegen 13 Uhr gewesen bin, aber den genauen Bahnhof mir noch nicht genau ansehen konnte. Und der ist gro\u00df. Und direkt angebunden an eine Einkaufsgalerie incl. Saturn. Yippieh. Aber auch die hatten keinen passenden Touch&#8230; nur in einer gro\u00dfen Kampfklasse mit 32 GB. Der Verk\u00e4ufer versicherte mir allerdings, dass man erst ab Januar mit ersten Nachsch\u00fcben rechnen k\u00f6nnte&#8230; Was f\u00fcr mich etwas zu sp\u00e4t w\u00e4re. Also ab zum Media Markt, der nur 800 Meter entfernt war. Und da man ja Mann genug ist, und der Tag noch lang war, bin ich zu Fuss gegangen. Um ca. 13.40 kam ich dann endlich dort an und musste erstmal abwarten, bis diese komische Familie fertig war, die sich nicht entscheiden konnten, welchen Sennheiser Kopfh\u00f6rer sie NICHT kaufen wollten. Klasse&#8230; Aber dann war ich dran. Der freundliche Verk\u00e4ufer versicherte mir hier, dass auch im Media Markt nix mehr zu holen sei&#8230; vllt. noch am Alexanderplatz wenn ich mich beeilen w\u00fcrde, denn um 14 Uhr macht der Laden zu. Was nach der Uhr in ca&#8230;. erm&#8230; 5 Minuten sein w\u00fcrde. FUCK. FUUUUCCKKKK&#8230;<\/p>\n<figure id=\"attachment_493\" aria-describedby=\"caption-attachment-493\" style=\"width: 816px\" class=\"wp-caption aligncenter\"><img loading=\"lazy\" decoding=\"async\" class=\"size-full wp-image-493\" src=\"http:\/\/www.dailyarvel.de\/wp-content\/uploads\/2009\/01\/100_6271.jpg\" alt=\"Interessante Erkenntnisse vom Gesundbrunnen\" width=\"816\" height=\"460\" srcset=\"http:\/\/www.dailyarvel.de\/wp-content\/uploads\/2009\/01\/100_6271.jpg 816w, http:\/\/www.dailyarvel.de\/wp-content\/uploads\/2009\/01\/100_6271-300x169.jpg 300w\" sizes=\"auto, (max-width: 816px) 100vw, 816px\" \/><figcaption id=\"caption-attachment-493\" class=\"wp-caption-text\">Interessante Erkenntnisse vom Gesundbrunnen<\/figcaption><\/figure>\n<p>Ich verabschiedete mich schnell ab zu dem Gesundbrunnen-Kaufhaus, denn ich hatte die Vermutung, dass gr\u00f6\u00dfere Gesch\u00e4fte noch etwas l\u00e4nger offen h\u00e4tten. Auf dem Weg dorthin durch die Stra\u00dfen um den Gesundbrunnen bin ich eh schnellen Schrittes durchgegangen. Irgendwie hat mich die Gegend an V\u00f6lklingen erinnert. An jeder Ecke befanden sich sehr seltsame &#8222;Billig-Handy-L\u00e4den&#8220; mit multikulturellem Hintergrund. Und die t\u00fcrkische Gro\u00dffamilie, die vor mir gelaufen ist, hat mir auch ein paar Sorgen bereitet, vor allem der kleine Sohn mit einer gr\u00f6\u00dferen Anzahl an kleinen B\u00f6llern, die er nat\u00fcrlich alle um 14:05 nachmittags verballern musste. Etwas zu fr\u00fch, ne?<\/p>\n<p>Gut, ein paar Minuten sp\u00e4ter war ich dann endlich am Gesundbrunnen. Und na klar&#8230; die Gesch\u00e4fte machten gerade zu&#8230; Na toll. Ab zum Alex. Schnell rein zum Alexa&#8230; 14:20. Sicherheitsm\u00e4nner dr\u00e4ngt die gro\u00dfe Menschenmenge nach draussen&#8230; Wir haben geschlossen. Und damit war auch dieser Tag etwas beschissen gelaufen :(.<\/p>\n<p>Ich beschloss also dann mein letztes Gl\u00fcck am Hauptbahnhof, denn dort haben die Gesch\u00e4fte wirklich offen. Aber leider keine Media M\u00e4rkte&#8230; sondern nur so komische Boutiquen und Parf\u00fcml\u00e4den. Toll. Was soll ich denn damit&#8230; Nun, ich beschloss die Oddysee mit einer Extraportion fettigem Fast Food zu beenden. Und mal schauen was der B\u00fcrgerk\u00f6nig neues hat. Hm, einen Burger mit raspberry sauce (oder so \u00e4hnlich)&#8230;\u00a0 Hm&#8230; Wurx&#8230; lieber nicht. Zu s\u00fc\u00df&#8230; So was geht doch gar nicht zu sammen&#8230; Beerenso\u00dfe und nen Burger&#8230; w\u00e4\u00e4\u00e4h.<\/p>\n<p><img loading=\"lazy\" decoding=\"async\" class=\"aligncenter size-full wp-image-494\" src=\"http:\/\/www.dailyarvel.de\/wp-content\/uploads\/2009\/01\/100_6272.jpg\" alt=\"100_6272\" width=\"816\" height=\"460\" srcset=\"http:\/\/www.dailyarvel.de\/wp-content\/uploads\/2009\/01\/100_6272.jpg 816w, http:\/\/www.dailyarvel.de\/wp-content\/uploads\/2009\/01\/100_6272-300x169.jpg 300w\" sizes=\"auto, (max-width: 816px) 100vw, 816px\" \/><\/p>\n<p><img loading=\"lazy\" decoding=\"async\" class=\"aligncenter size-full wp-image-495\" src=\"http:\/\/www.dailyarvel.de\/wp-content\/uploads\/2009\/01\/100_6285.jpg\" alt=\"100_6285\" width=\"816\" height=\"460\" srcset=\"http:\/\/www.dailyarvel.de\/wp-content\/uploads\/2009\/01\/100_6285.jpg 816w, http:\/\/www.dailyarvel.de\/wp-content\/uploads\/2009\/01\/100_6285-300x169.jpg 300w\" sizes=\"auto, (max-width: 816px) 100vw, 816px\" \/><\/p>\n<p><img loading=\"lazy\" decoding=\"async\" class=\"aligncenter size-full wp-image-496\" src=\"http:\/\/www.dailyarvel.de\/wp-content\/uploads\/2009\/01\/100_6298.jpg\" alt=\"100_6298\" width=\"816\" height=\"460\" srcset=\"http:\/\/www.dailyarvel.de\/wp-content\/uploads\/2009\/01\/100_6298.jpg 816w, http:\/\/www.dailyarvel.de\/wp-content\/uploads\/2009\/01\/100_6298-300x169.jpg 300w\" sizes=\"auto, (max-width: 816px) 100vw, 816px\" \/><\/p>\n<p><img loading=\"lazy\" decoding=\"async\" class=\"aligncenter size-full wp-image-497\" src=\"http:\/\/www.dailyarvel.de\/wp-content\/uploads\/2009\/01\/100_63001.jpg\" alt=\"100_63001\" width=\"816\" height=\"460\" srcset=\"http:\/\/www.dailyarvel.de\/wp-content\/uploads\/2009\/01\/100_63001.jpg 816w, http:\/\/www.dailyarvel.de\/wp-content\/uploads\/2009\/01\/100_63001-300x169.jpg 300w\" sizes=\"auto, (max-width: 816px) 100vw, 816px\" \/><\/p>\n<p><img loading=\"lazy\" decoding=\"async\" class=\"aligncenter size-full wp-image-498\" src=\"http:\/\/www.dailyarvel.de\/wp-content\/uploads\/2009\/01\/100_63091.jpg\" alt=\"100_63091\" width=\"816\" height=\"460\" srcset=\"http:\/\/www.dailyarvel.de\/wp-content\/uploads\/2009\/01\/100_63091.jpg 816w, http:\/\/www.dailyarvel.de\/wp-content\/uploads\/2009\/01\/100_63091-300x169.jpg 300w\" sizes=\"auto, (max-width: 816px) 100vw, 816px\" \/><\/p>\n<p><img loading=\"lazy\" decoding=\"async\" class=\"aligncenter size-full wp-image-499\" src=\"http:\/\/www.dailyarvel.de\/wp-content\/uploads\/2009\/01\/100_6310.jpg\" alt=\"100_6310\" width=\"816\" height=\"460\" srcset=\"http:\/\/www.dailyarvel.de\/wp-content\/uploads\/2009\/01\/100_6310.jpg 816w, http:\/\/www.dailyarvel.de\/wp-content\/uploads\/2009\/01\/100_6310-300x169.jpg 300w\" sizes=\"auto, (max-width: 816px) 100vw, 816px\" \/><\/p>\n<p><img loading=\"lazy\" decoding=\"async\" class=\"aligncenter size-full wp-image-500\" src=\"http:\/\/www.dailyarvel.de\/wp-content\/uploads\/2009\/01\/100_6320.jpg\" alt=\"100_6320\" width=\"816\" height=\"460\" srcset=\"http:\/\/www.dailyarvel.de\/wp-content\/uploads\/2009\/01\/100_6320.jpg 816w, http:\/\/www.dailyarvel.de\/wp-content\/uploads\/2009\/01\/100_6320-300x169.jpg 300w\" sizes=\"auto, (max-width: 816px) 100vw, 816px\" \/><\/p>\n<p><img loading=\"lazy\" decoding=\"async\" class=\"aligncenter size-full wp-image-501\" src=\"http:\/\/www.dailyarvel.de\/wp-content\/uploads\/2009\/01\/100_63311.jpg\" alt=\"100_63311\" width=\"816\" height=\"460\" srcset=\"http:\/\/www.dailyarvel.de\/wp-content\/uploads\/2009\/01\/100_63311.jpg 816w, http:\/\/www.dailyarvel.de\/wp-content\/uploads\/2009\/01\/100_63311-300x169.jpg 300w\" sizes=\"auto, (max-width: 816px) 100vw, 816px\" \/><\/p>\n<p>Gut. Es gibt kulinarische Dinge, die muss man nicht verstehen. So&#8230; Langsam wurde es dann Zeit f\u00fcr mich, mich f\u00fcr den Abend vorzubereiten. Das hei\u00dft die Sylvesterfeier am Brandenburger Tor. Ab zur Feiermeile. Ausgehend vom Bahnhof, am Bundeskanzler Amt und am Reichstag vorbei, ging es Richtung Stra\u00dfe des 17. Juni&#8230; vorbei an Dutzenden Leuten, die Stunden vorher schon die Luft mit Massen an Sylvesterkrachern verpesten.<\/p>\n<figure id=\"attachment_502\" aria-describedby=\"caption-attachment-502\" style=\"width: 816px\" class=\"wp-caption aligncenter\"><img loading=\"lazy\" decoding=\"async\" class=\"size-full wp-image-502\" src=\"http:\/\/www.dailyarvel.de\/wp-content\/uploads\/2009\/01\/100_6336.jpg\" alt=\"Die Kacke ist am Dampfen\" width=\"816\" height=\"460\" srcset=\"http:\/\/www.dailyarvel.de\/wp-content\/uploads\/2009\/01\/100_6336.jpg 816w, http:\/\/www.dailyarvel.de\/wp-content\/uploads\/2009\/01\/100_6336-300x169.jpg 300w\" sizes=\"auto, (max-width: 816px) 100vw, 816px\" \/><figcaption id=\"caption-attachment-502\" class=\"wp-caption-text\">Die Kacke ist am Dampfen<\/figcaption><\/figure>\n<p>Kurz darauf war ich dann mittendrin. Ich habe es geschafft. Letztes Jahr bin ich einen Tag davor nach Hause gegangen und hatte ein richtig beschissenes Sylvester erlebt. Diesmal nicht. Jetzt war ich auf der gr\u00f6\u00dften Sylvesterfeier Deutschlands und nach RTL 2 sogar von Welt. Wow. Der kleine Kai auf der gr\u00f6\u00dften Feier der Welt. Mit WeltActs wie LaFee. Hot Banditoz. Sch\u00e4fer Heinricht. Moment mal. WTF?!?!?!<\/p>\n<p><img loading=\"lazy\" decoding=\"async\" class=\"aligncenter size-full wp-image-503\" src=\"http:\/\/www.dailyarvel.de\/wp-content\/uploads\/2009\/01\/100_6338.jpg\" alt=\"100_6338\" width=\"816\" height=\"460\" srcset=\"http:\/\/www.dailyarvel.de\/wp-content\/uploads\/2009\/01\/100_6338.jpg 816w, http:\/\/www.dailyarvel.de\/wp-content\/uploads\/2009\/01\/100_6338-300x169.jpg 300w\" sizes=\"auto, (max-width: 816px) 100vw, 816px\" \/><img loading=\"lazy\" decoding=\"async\" class=\"aligncenter size-full wp-image-504\" src=\"http:\/\/www.dailyarvel.de\/wp-content\/uploads\/2009\/01\/100_6345.jpg\" alt=\"100_6345\" width=\"816\" height=\"460\" srcset=\"http:\/\/www.dailyarvel.de\/wp-content\/uploads\/2009\/01\/100_6345.jpg 816w, http:\/\/www.dailyarvel.de\/wp-content\/uploads\/2009\/01\/100_6345-300x169.jpg 300w\" sizes=\"auto, (max-width: 816px) 100vw, 816px\" \/><img loading=\"lazy\" decoding=\"async\" class=\"aligncenter size-full wp-image-505\" src=\"http:\/\/www.dailyarvel.de\/wp-content\/uploads\/2009\/01\/100_6352.jpg\" alt=\"100_6352\" width=\"816\" height=\"460\" srcset=\"http:\/\/www.dailyarvel.de\/wp-content\/uploads\/2009\/01\/100_6352.jpg 816w, http:\/\/www.dailyarvel.de\/wp-content\/uploads\/2009\/01\/100_6352-300x169.jpg 300w\" sizes=\"auto, (max-width: 816px) 100vw, 816px\" \/><\/p>\n<p><img loading=\"lazy\" decoding=\"async\" class=\"aligncenter size-full wp-image-506\" src=\"http:\/\/www.dailyarvel.de\/wp-content\/uploads\/2009\/01\/100_63531.jpg\" alt=\"100_63531\" width=\"816\" height=\"460\" srcset=\"http:\/\/www.dailyarvel.de\/wp-content\/uploads\/2009\/01\/100_63531.jpg 816w, http:\/\/www.dailyarvel.de\/wp-content\/uploads\/2009\/01\/100_63531-300x169.jpg 300w\" sizes=\"auto, (max-width: 816px) 100vw, 816px\" \/><\/p>\n<figure id=\"attachment_507\" aria-describedby=\"caption-attachment-507\" style=\"width: 816px\" class=\"wp-caption aligncenter\"><img loading=\"lazy\" decoding=\"async\" class=\"size-full wp-image-507\" src=\"http:\/\/www.dailyarvel.de\/wp-content\/uploads\/2009\/01\/100_6356.jpg\" alt=\"Kleine Schleichwerbung...\" width=\"816\" height=\"460\" srcset=\"http:\/\/www.dailyarvel.de\/wp-content\/uploads\/2009\/01\/100_6356.jpg 816w, http:\/\/www.dailyarvel.de\/wp-content\/uploads\/2009\/01\/100_6356-300x169.jpg 300w\" sizes=\"auto, (max-width: 816px) 100vw, 816px\" \/><figcaption id=\"caption-attachment-507\" class=\"wp-caption-text\">Kleine Schleichwerbung...<\/figcaption><\/figure>\n<figure id=\"attachment_508\" aria-describedby=\"caption-attachment-508\" style=\"width: 816px\" class=\"wp-caption aligncenter\"><img loading=\"lazy\" decoding=\"async\" class=\"size-full wp-image-508\" src=\"http:\/\/www.dailyarvel.de\/wp-content\/uploads\/2009\/01\/100_6363.jpg\" alt=\"Soso... 2009 soll das Jahr des K\u00fcssens werden... Ich verlange sofortige Beweise^^\" width=\"816\" height=\"460\" srcset=\"http:\/\/www.dailyarvel.de\/wp-content\/uploads\/2009\/01\/100_6363.jpg 816w, http:\/\/www.dailyarvel.de\/wp-content\/uploads\/2009\/01\/100_6363-300x169.jpg 300w\" sizes=\"auto, (max-width: 816px) 100vw, 816px\" \/><figcaption id=\"caption-attachment-508\" class=\"wp-caption-text\">Soso... 2009 soll das Jahr des K\u00fcssens werden... Ich verlange sofortige Beweise^^<\/figcaption><\/figure>\n<figure id=\"attachment_509\" aria-describedby=\"caption-attachment-509\" style=\"width: 816px\" class=\"wp-caption aligncenter\"><img loading=\"lazy\" decoding=\"async\" class=\"size-full wp-image-509\" src=\"http:\/\/www.dailyarvel.de\/wp-content\/uploads\/2009\/01\/100_6365.jpg\" alt=\"Und wer es immer noch nicht wusste, wer der Hauptsponsor war...\" width=\"816\" height=\"460\" srcset=\"http:\/\/www.dailyarvel.de\/wp-content\/uploads\/2009\/01\/100_6365.jpg 816w, http:\/\/www.dailyarvel.de\/wp-content\/uploads\/2009\/01\/100_6365-300x169.jpg 300w\" sizes=\"auto, (max-width: 816px) 100vw, 816px\" \/><figcaption id=\"caption-attachment-509\" class=\"wp-caption-text\">Und wer es immer noch nicht wusste, wer der Hauptsponsor war...<\/figcaption><\/figure>\n<p><img loading=\"lazy\" decoding=\"async\" class=\"aligncenter size-full wp-image-510\" src=\"http:\/\/www.dailyarvel.de\/wp-content\/uploads\/2009\/01\/100_6382.jpg\" alt=\"100_6382\" width=\"816\" height=\"460\" srcset=\"http:\/\/www.dailyarvel.de\/wp-content\/uploads\/2009\/01\/100_6382.jpg 816w, http:\/\/www.dailyarvel.de\/wp-content\/uploads\/2009\/01\/100_6382-300x169.jpg 300w\" sizes=\"auto, (max-width: 816px) 100vw, 816px\" \/><\/p>\n<figure id=\"attachment_511\" aria-describedby=\"caption-attachment-511\" style=\"width: 816px\" class=\"wp-caption aligncenter\"><img loading=\"lazy\" decoding=\"async\" class=\"size-full wp-image-511\" src=\"http:\/\/www.dailyarvel.de\/wp-content\/uploads\/2009\/01\/100_6388.jpg\" alt=\"Dich hatte ich bislang vermisst... :)\" width=\"816\" height=\"460\" srcset=\"http:\/\/www.dailyarvel.de\/wp-content\/uploads\/2009\/01\/100_6388.jpg 816w, http:\/\/www.dailyarvel.de\/wp-content\/uploads\/2009\/01\/100_6388-300x169.jpg 300w\" sizes=\"auto, (max-width: 816px) 100vw, 816px\" \/><figcaption id=\"caption-attachment-511\" class=\"wp-caption-text\">Dich hatte ich bislang vermisst... \ud83d\ude42<\/figcaption><\/figure>\n<figure id=\"attachment_512\" aria-describedby=\"caption-attachment-512\" style=\"width: 816px\" class=\"wp-caption aligncenter\"><img loading=\"lazy\" decoding=\"async\" class=\"size-full wp-image-512\" src=\"http:\/\/www.dailyarvel.de\/wp-content\/uploads\/2009\/01\/100_6402.jpg\" alt=\"Die Moderatoren... das Beste was RTL 2 organisieren konnte..^^\" width=\"816\" height=\"460\" srcset=\"http:\/\/www.dailyarvel.de\/wp-content\/uploads\/2009\/01\/100_6402.jpg 816w, http:\/\/www.dailyarvel.de\/wp-content\/uploads\/2009\/01\/100_6402-300x169.jpg 300w\" sizes=\"auto, (max-width: 816px) 100vw, 816px\" \/><figcaption id=\"caption-attachment-512\" class=\"wp-caption-text\">Die Moderatoren... das Beste was RTL 2 organisieren konnte..^^<\/figcaption><\/figure>\n<figure id=\"attachment_513\" aria-describedby=\"caption-attachment-513\" style=\"width: 816px\" class=\"wp-caption aligncenter\"><img loading=\"lazy\" decoding=\"async\" class=\"size-full wp-image-513\" src=\"http:\/\/www.dailyarvel.de\/wp-content\/uploads\/2009\/01\/100_6414.jpg\" alt=\"Mist... Wie soll ich bei den Menschenmassen mein Auto wegfahren...\" width=\"816\" height=\"460\" srcset=\"http:\/\/www.dailyarvel.de\/wp-content\/uploads\/2009\/01\/100_6414.jpg 816w, http:\/\/www.dailyarvel.de\/wp-content\/uploads\/2009\/01\/100_6414-300x169.jpg 300w\" sizes=\"auto, (max-width: 816px) 100vw, 816px\" \/><figcaption id=\"caption-attachment-513\" class=\"wp-caption-text\">Mist... Wie soll ich bei den Menschenmassen mein Auto wegfahren...<\/figcaption><\/figure>\n<figure id=\"attachment_514\" aria-describedby=\"caption-attachment-514\" style=\"width: 816px\" class=\"wp-caption aligncenter\"><img loading=\"lazy\" decoding=\"async\" class=\"size-full wp-image-514\" src=\"http:\/\/www.dailyarvel.de\/wp-content\/uploads\/2009\/01\/100_6423.jpg\" alt=\"RTL 2 provozierte die Leute sogar zum Amoklauf...\" width=\"816\" height=\"460\" srcset=\"http:\/\/www.dailyarvel.de\/wp-content\/uploads\/2009\/01\/100_6423.jpg 816w, http:\/\/www.dailyarvel.de\/wp-content\/uploads\/2009\/01\/100_6423-300x169.jpg 300w\" sizes=\"auto, (max-width: 816px) 100vw, 816px\" \/><figcaption id=\"caption-attachment-514\" class=\"wp-caption-text\">RTL 2 provozierte die Leute sogar zum Amoklauf...<\/figcaption><\/figure>\n<figure id=\"attachment_515\" aria-describedby=\"caption-attachment-515\" style=\"width: 816px\" class=\"wp-caption aligncenter\"><img loading=\"lazy\" decoding=\"async\" class=\"size-full wp-image-515\" src=\"http:\/\/www.dailyarvel.de\/wp-content\/uploads\/2009\/01\/100_6437.jpg\" alt=\"Kleine Botschaft...\" width=\"816\" height=\"460\" srcset=\"http:\/\/www.dailyarvel.de\/wp-content\/uploads\/2009\/01\/100_6437.jpg 816w, http:\/\/www.dailyarvel.de\/wp-content\/uploads\/2009\/01\/100_6437-300x169.jpg 300w\" sizes=\"auto, (max-width: 816px) 100vw, 816px\" \/><figcaption id=\"caption-attachment-515\" class=\"wp-caption-text\">Kleine Botschaft...<\/figcaption><\/figure>\n<p>Da warte ich 1 Jahr auf diesen Moment, und dann wird mir so ein verfickter Bauerndepp aus ner noch verfickteren RTL-Billigshow vorgesetzt. Na klasse. Aber wozu hab ich ja meinen kleinen iPod nano dabei. Ich hab den ganzen Abend eigentlich meine eigene Feier gefeiert, mit meinem iPod Zufallsauswahlalgorithmus als DJ. Das tollste an dem Abend, der laut dem Hauptsponsor des Abends, Labello, das Jahr des K\u00fcssens einleuten sollte, war aber der eine DJ, der in einer Werbepause lauthals angek\u00fcndigt wurde. Wow. Geil. Super DJ. Na da war ich mal gespannt, was der so auflegt. Nun&#8230; er legte was auf&#8230; 1 Platte &#8211; White Stripes mit &#8222;7 Nation Army&#8220;. Kennen wir ja noch von der EM. Aber ohne zu scratchen, was ein normaler DJ in solch einer Situation ja tun w\u00fcrde. Und riss weit die Arme in die Luft. Was f\u00fcr einen DJ ein schlechtes Zeichen ist. Ein DJ hat bei einem Auftritt zu arbeiten. Am Plattenteller halt. In leicht geb\u00fcckter Haltung. Nun, w\u00e4hrend das Lied gespielt wurde, hat er auch keine Anstalten gezeigt, die Arme herunterzunehmen. Super DJ. Echt. K\u00f6nnte ich auch&#8230;<\/p>\n<p><img loading=\"lazy\" decoding=\"async\" class=\"aligncenter size-full wp-image-516\" src=\"http:\/\/www.dailyarvel.de\/wp-content\/uploads\/2009\/01\/100_64621.jpg\" alt=\"100_64621\" width=\"816\" height=\"460\" srcset=\"http:\/\/www.dailyarvel.de\/wp-content\/uploads\/2009\/01\/100_64621.jpg 816w, http:\/\/www.dailyarvel.de\/wp-content\/uploads\/2009\/01\/100_64621-300x169.jpg 300w\" sizes=\"auto, (max-width: 816px) 100vw, 816px\" \/><\/p>\n<p>Nun dann war es dann so endlich in der Region um 0:00 Uhr. Ich k\u00e4mpfte mich zu dem nahestehenden M\u00fclleiner vor, der f\u00fcr den Halt meines Kamerastativs sorgen sollte. Als dann enlich die Stunde geschlagen hatte, und das Jahr 2009 begonnen hatte, sollte ein Riesenfeuerwerk \u00fcber dem Brandenburger Tor stattfinden. Perspektivisch gesehen stimmte das von einer gewissen Position her. W\u00e4hrend im Fernsehen das Feuerwerk wirklich direkt \u00fcber dem Tor zu sehen schen, war in der Realit\u00e4t \u00fcber mir das Feuerwerk \u00fcber dem Tiergarten und mehrere hundert Meter entfernt gewesen.\u00a0 Und irgendwie kam ich mir leicht verarscht vor. Ich hatte mit einem gr\u00f6\u00dferen Feuerwerk gerechnet&#8230; und einem l\u00e4ngeren. Aber man konnte nicht alles haben. In dieser Hochstimmung setzte RTL 2 nat\u00fcrlich Markus Becker auf die B\u00fchne und h\u00f6rte Regenw\u00fcrmer husten. Ein klasse Abschlu\u00df f\u00fcr eine gelungene Party. Danke RTL 2. Das n\u00e4chste Mal erwarte ich mehr Engagement.<\/p>\n<p><img loading=\"lazy\" decoding=\"async\" class=\"aligncenter size-full wp-image-518\" src=\"http:\/\/www.dailyarvel.de\/wp-content\/uploads\/2009\/01\/100_64751.jpg\" alt=\"100_64751\" width=\"816\" height=\"460\" srcset=\"http:\/\/www.dailyarvel.de\/wp-content\/uploads\/2009\/01\/100_64751.jpg 816w, http:\/\/www.dailyarvel.de\/wp-content\/uploads\/2009\/01\/100_64751-300x169.jpg 300w\" sizes=\"auto, (max-width: 816px) 100vw, 816px\" \/><\/p>\n<p><img loading=\"lazy\" decoding=\"async\" class=\"aligncenter size-full wp-image-519\" src=\"http:\/\/www.dailyarvel.de\/wp-content\/uploads\/2009\/01\/100_64851.jpg\" alt=\"100_64851\" width=\"816\" height=\"460\" srcset=\"http:\/\/www.dailyarvel.de\/wp-content\/uploads\/2009\/01\/100_64851.jpg 816w, http:\/\/www.dailyarvel.de\/wp-content\/uploads\/2009\/01\/100_64851-300x169.jpg 300w\" sizes=\"auto, (max-width: 816px) 100vw, 816px\" \/><\/p>\n<p>Nun. Der R\u00fcckweg entwickelte sich zu einem richtigen Gewusel. Der Reichstag war stark umk\u00e4mpft und Rauchverhangen. Ebenso das Kanzleramt. \u00dcberall laufen Menschen. \u00dcberall fliegen Raketen in die Luft. Und jeder will nach Hause. W\u00e4hrend ich die Zeit in der schei\u00df K\u00e4lte dazu nutze, ein Foto nach dem anderen zu schie\u00dfen, bewegte sich eine Riesenmenge Richtung Bahnhof. \u00dcber die kleine Fu\u00dfg\u00e4ngerbr\u00fccke. Nun es gab einen ganz kleinen Stau, aber auf der anderen Seite, direkt vor dem Bahnhof, war die Schlange noch viel gr\u00f6\u00dfer. Und die Schlange IM Bahnhof wollen wir gar nicht reden. FUCK.<\/p>\n<p><img loading=\"lazy\" decoding=\"async\" class=\"aligncenter size-full wp-image-520\" src=\"http:\/\/www.dailyarvel.de\/wp-content\/uploads\/2009\/01\/100_64961.jpg\" alt=\"100_64961\" width=\"816\" height=\"460\" srcset=\"http:\/\/www.dailyarvel.de\/wp-content\/uploads\/2009\/01\/100_64961.jpg 816w, http:\/\/www.dailyarvel.de\/wp-content\/uploads\/2009\/01\/100_64961-300x169.jpg 300w\" sizes=\"auto, (max-width: 816px) 100vw, 816px\" \/><\/p>\n<figure id=\"attachment_522\" aria-describedby=\"caption-attachment-522\" style=\"width: 816px\" class=\"wp-caption aligncenter\"><img loading=\"lazy\" decoding=\"async\" class=\"size-full wp-image-522\" src=\"http:\/\/www.dailyarvel.de\/wp-content\/uploads\/2009\/01\/100_6504.jpg\" alt=\"100_6504\" width=\"816\" height=\"460\" srcset=\"http:\/\/www.dailyarvel.de\/wp-content\/uploads\/2009\/01\/100_6504.jpg 816w, http:\/\/www.dailyarvel.de\/wp-content\/uploads\/2009\/01\/100_6504-300x169.jpg 300w\" sizes=\"auto, (max-width: 816px) 100vw, 816px\" \/><figcaption id=\"caption-attachment-522\" class=\"wp-caption-text\">uuuuh... fuuuuuuck....<\/figcaption><\/figure>\n<p style=\"text-align: center;\"><img loading=\"lazy\" decoding=\"async\" class=\"aligncenter size-full wp-image-521\" src=\"http:\/\/www.dailyarvel.de\/wp-content\/uploads\/2009\/01\/100_6502.jpg\" alt=\"100_6502\" width=\"816\" height=\"460\" srcset=\"http:\/\/www.dailyarvel.de\/wp-content\/uploads\/2009\/01\/100_6502.jpg 816w, http:\/\/www.dailyarvel.de\/wp-content\/uploads\/2009\/01\/100_6502-300x169.jpg 300w\" sizes=\"auto, (max-width: 816px) 100vw, 816px\" \/><\/p>\n<p>W\u00e4hrend zahlreiche Berliner weiterhin au\u00dferhalb und innerhalb (!) des Bahnhofs ihr Zeug verballerten, erk\u00e4mpfte ich mir langsam den Weg durch den hoffnungslos \u00fcberf\u00fcllten Bahnhof, um in die S-Bahn einsteigen zu k\u00f6nnen. Und dann ab zum Alexanderplatz. Auch hier wankten zahlreiche Leute durch einen mit B\u00f6llerresten verdreckten Bahnhof. In der U-Bahn selbst sah es nicht viel besser aus. Vor allem die B\u00f6ller, die in der U-Bahn-Station gez\u00fcndet wurden, lie\u00dfen wohl in dieser Nacht das eine oder andere Trommelfell platzen. Deppen. Wie kann man unter Tage in abgeschlossenen R\u00e4umen B\u00f6ller z\u00fcnden. \u00dcber Tage ja&#8230; aber unter Tage&#8230;<\/p>\n<p>Kurze Zeit drauf war ich dann endlich an meinem Zielbahnhof angekommen und auch dort das gleiche Bild. Wobei ich hier zum ersten Mal begr\u00fc\u00dft worden bin. &#8222;Frohet neuet, Alter, wa?&#8220;. Ich warf ein verdutztes &#8222;Prost Neujahr&#8220; hinterher. Ich bin hier definitiv an der falschen Stelle und ich muss noch viel lernen. Vor allem dieses &#8222;Wa&#8220; fasziniert mich&#8230;<\/p>\n<figure id=\"attachment_523\" aria-describedby=\"caption-attachment-523\" style=\"width: 816px\" class=\"wp-caption aligncenter\"><img loading=\"lazy\" decoding=\"async\" class=\"size-full wp-image-523\" src=\"http:\/\/www.dailyarvel.de\/wp-content\/uploads\/2009\/01\/100_6509.jpg\" alt=\"Orte, wo ich schon immer mal ins Ballett gehen wollte...\" width=\"816\" height=\"460\" srcset=\"http:\/\/www.dailyarvel.de\/wp-content\/uploads\/2009\/01\/100_6509.jpg 816w, http:\/\/www.dailyarvel.de\/wp-content\/uploads\/2009\/01\/100_6509-300x169.jpg 300w\" sizes=\"auto, (max-width: 816px) 100vw, 816px\" \/><figcaption id=\"caption-attachment-523\" class=\"wp-caption-text\">Orte, wo ich schon immer mal ins Ballett gehen wollte...<\/figcaption><\/figure>\n<p>Es war also endlich das Jahr 2009 angebrochen. Ein neues Jahr, neues Gl\u00fcck, und immer noch waren die Gesch\u00e4fte zu. Also was macht man an so einem Tag. Na Klar. Museumsbesuche. Also ab zu Unter den Linden, wo das Madame Tussauds vor einem Jahr die Pforten \u00f6ffnete.<\/p>\n<p>Das Tolle an Berlin ist ja, dass es immer ein Erlebnis ist, und man immer wieder \u00fcberrascht wird aufs neue. Und so kam ich aus der U-Bahn Station heraus, nur um auf der Stra\u00dfe eine Polizeisperre und mehrere Passanten auf der Strassenseite zu sehen. \u00d6hm&#8230; was geht&#8230; Nun ein Neujahrslauf, an dem zahlreiche Berliner teilgenommen haben bei klirrenden Temperaturen. H\u00e4tt ich nen Hals. Gut.<\/p>\n<p><img loading=\"lazy\" decoding=\"async\" class=\"aligncenter size-full wp-image-524\" src=\"http:\/\/www.dailyarvel.de\/wp-content\/uploads\/2009\/01\/100_6512.jpg\" alt=\"100_6512\" width=\"816\" height=\"460\" srcset=\"http:\/\/www.dailyarvel.de\/wp-content\/uploads\/2009\/01\/100_6512.jpg 816w, http:\/\/www.dailyarvel.de\/wp-content\/uploads\/2009\/01\/100_6512-300x169.jpg 300w\" sizes=\"auto, (max-width: 816px) 100vw, 816px\" \/><img loading=\"lazy\" decoding=\"async\" class=\"aligncenter size-full wp-image-525\" src=\"http:\/\/www.dailyarvel.de\/wp-content\/uploads\/2009\/01\/100_6518.jpg\" alt=\"100_6518\" width=\"816\" height=\"460\" srcset=\"http:\/\/www.dailyarvel.de\/wp-content\/uploads\/2009\/01\/100_6518.jpg 816w, http:\/\/www.dailyarvel.de\/wp-content\/uploads\/2009\/01\/100_6518-300x169.jpg 300w\" sizes=\"auto, (max-width: 816px) 100vw, 816px\" \/><\/p>\n<p>Allerdings hab ich die folgenden 30 Minuten in der K\u00e4lte in einer langen Schlange gestanden. Bei der klirrenden K\u00e4lte. Hatte ich nen Hals. Gut, aber nach ner gewissen Zeit war ich dann drin, und dann ging das Geknipse los. So viel zu sehen. Selbst der Adolf war nach der t\u00f6dlichen Attacke bei der Er\u00f6ffnung wieder aufgerichtet worden, allerdings diesmal entsprechend abgesperrt. Ich war dann beim Durchgehen dann doch \u00fcberrascht, dass einige Exponate recht nah am Original waren, wie zB Wowereit oder G\u00fcnther Grass und dass solche Exponate wie Gerhard Schr\u00f6der richtig vergeigt worden sind. Ich h\u00e4tte aber nich gedacht, dass Sophie Scholl so ne Hotty war. Vielleicht ein guter Vorschlag f\u00fcr die Hotties from History. Bei den Fotos wollte ich an einigen Stellen vergeblich lustige Bilder schie\u00dfen, was durchaus daran gescheitert ist, dass ich alleine da rumlief. Dabei hab ich vergeblich versucht, bei den Exponanten ein &#8222;Achselschwei\u00df&#8220;-Bild zu schie\u00dfen, weil die entsprechenden Exponate so platziert worden sind, dass sich ein solches Bild geradezu aufdr\u00e4ngen musste. Vor allem bei Nena, incl. passender Behaarung. Es waren halt die 80er&#8230;<\/p>\n<p><img loading=\"lazy\" decoding=\"async\" class=\"aligncenter size-full wp-image-526\" src=\"http:\/\/www.dailyarvel.de\/wp-content\/uploads\/2009\/01\/100_6535.jpg\" alt=\"100_6535\" width=\"816\" height=\"460\" srcset=\"http:\/\/www.dailyarvel.de\/wp-content\/uploads\/2009\/01\/100_6535.jpg 816w, http:\/\/www.dailyarvel.de\/wp-content\/uploads\/2009\/01\/100_6535-300x169.jpg 300w\" sizes=\"auto, (max-width: 816px) 100vw, 816px\" \/><\/p>\n<figure id=\"attachment_527\" aria-describedby=\"caption-attachment-527\" style=\"width: 816px\" class=\"wp-caption aligncenter\"><img loading=\"lazy\" decoding=\"async\" class=\"size-full wp-image-527\" src=\"http:\/\/www.dailyarvel.de\/wp-content\/uploads\/2009\/01\/100_6537.jpg\" alt=\"Kein Wunder, dass das Deutsche Kaiserreich nicht lange aushielt...\" width=\"816\" height=\"460\" srcset=\"http:\/\/www.dailyarvel.de\/wp-content\/uploads\/2009\/01\/100_6537.jpg 816w, http:\/\/www.dailyarvel.de\/wp-content\/uploads\/2009\/01\/100_6537-300x169.jpg 300w\" sizes=\"auto, (max-width: 816px) 100vw, 816px\" \/><figcaption id=\"caption-attachment-527\" class=\"wp-caption-text\">Kein Wunder, dass das Deutsche Kaiserreich nicht lange aushielt...<\/figcaption><\/figure>\n<figure id=\"attachment_528\" aria-describedby=\"caption-attachment-528\" style=\"width: 816px\" class=\"wp-caption aligncenter\"><img loading=\"lazy\" decoding=\"async\" class=\"size-full wp-image-528\" src=\"http:\/\/www.dailyarvel.de\/wp-content\/uploads\/2009\/01\/100_6541.jpg\" alt=\"The One and Only...\" width=\"816\" height=\"460\" srcset=\"http:\/\/www.dailyarvel.de\/wp-content\/uploads\/2009\/01\/100_6541.jpg 816w, http:\/\/www.dailyarvel.de\/wp-content\/uploads\/2009\/01\/100_6541-300x169.jpg 300w\" sizes=\"auto, (max-width: 816px) 100vw, 816px\" \/><figcaption id=\"caption-attachment-528\" class=\"wp-caption-text\">The One and Only...<\/figcaption><\/figure>\n<figure id=\"attachment_529\" aria-describedby=\"caption-attachment-529\" style=\"width: 816px\" class=\"wp-caption aligncenter\"><img loading=\"lazy\" decoding=\"async\" class=\"size-full wp-image-529\" src=\"http:\/\/www.dailyarvel.de\/wp-content\/uploads\/2009\/01\/100_6545.jpg\" alt=\"Hotties from History: Sophie Scholl\" width=\"816\" height=\"460\" srcset=\"http:\/\/www.dailyarvel.de\/wp-content\/uploads\/2009\/01\/100_6545.jpg 816w, http:\/\/www.dailyarvel.de\/wp-content\/uploads\/2009\/01\/100_6545-300x169.jpg 300w\" sizes=\"auto, (max-width: 816px) 100vw, 816px\" \/><figcaption id=\"caption-attachment-529\" class=\"wp-caption-text\">Hotties from History: Sophie Scholl<\/figcaption><\/figure>\n<figure id=\"attachment_530\" aria-describedby=\"caption-attachment-530\" style=\"width: 816px\" class=\"wp-caption aligncenter\"><img loading=\"lazy\" decoding=\"async\" class=\"size-full wp-image-530\" src=\"http:\/\/www.dailyarvel.de\/wp-content\/uploads\/2009\/01\/100_65521.jpg\" alt=\"Wieso muss ich jetzt an das MPG denken...\" width=\"816\" height=\"460\" srcset=\"http:\/\/www.dailyarvel.de\/wp-content\/uploads\/2009\/01\/100_65521.jpg 816w, http:\/\/www.dailyarvel.de\/wp-content\/uploads\/2009\/01\/100_65521-300x169.jpg 300w\" sizes=\"auto, (max-width: 816px) 100vw, 816px\" \/><figcaption id=\"caption-attachment-530\" class=\"wp-caption-text\">Wieso muss ich jetzt an das MPG denken...<\/figcaption><\/figure>\n<figure id=\"attachment_531\" aria-describedby=\"caption-attachment-531\" style=\"width: 816px\" class=\"wp-caption aligncenter\"><img loading=\"lazy\" decoding=\"async\" class=\"size-full wp-image-531\" src=\"http:\/\/www.dailyarvel.de\/wp-content\/uploads\/2009\/01\/100_6562.jpg\" alt=\"Willyyyyyyyyyyyyyyyyyyyyyyyy...\" width=\"816\" height=\"460\" srcset=\"http:\/\/www.dailyarvel.de\/wp-content\/uploads\/2009\/01\/100_6562.jpg 816w, http:\/\/www.dailyarvel.de\/wp-content\/uploads\/2009\/01\/100_6562-300x169.jpg 300w\" sizes=\"auto, (max-width: 816px) 100vw, 816px\" \/><figcaption id=\"caption-attachment-531\" class=\"wp-caption-text\">Willyyyyyyyyyyyyyyyyyyyyyyyy...<\/figcaption><\/figure>\n<figure id=\"attachment_532\" aria-describedby=\"caption-attachment-532\" style=\"width: 816px\" class=\"wp-caption aligncenter\"><img loading=\"lazy\" decoding=\"async\" class=\"size-full wp-image-532\" src=\"http:\/\/www.dailyarvel.de\/wp-content\/uploads\/2009\/01\/100_6564.jpg\" alt=\"2 Saarl\u00e4nder in Berlin\" width=\"816\" height=\"460\" srcset=\"http:\/\/www.dailyarvel.de\/wp-content\/uploads\/2009\/01\/100_6564.jpg 816w, http:\/\/www.dailyarvel.de\/wp-content\/uploads\/2009\/01\/100_6564-300x169.jpg 300w\" sizes=\"auto, (max-width: 816px) 100vw, 816px\" \/><figcaption id=\"caption-attachment-532\" class=\"wp-caption-text\">2 Saarl\u00e4nder in Berlin<\/figcaption><\/figure>\n<figure id=\"attachment_533\" aria-describedby=\"caption-attachment-533\" style=\"width: 816px\" class=\"wp-caption aligncenter\"><img loading=\"lazy\" decoding=\"async\" class=\"size-full wp-image-533\" src=\"http:\/\/www.dailyarvel.de\/wp-content\/uploads\/2009\/01\/100_6565.jpg\" alt=\"Wieso gabs im Osten eigentlich keinen Schwenker... Daf\u00fcr sollte man ihn posthum foltern...\" width=\"816\" height=\"460\" srcset=\"http:\/\/www.dailyarvel.de\/wp-content\/uploads\/2009\/01\/100_6565.jpg 816w, http:\/\/www.dailyarvel.de\/wp-content\/uploads\/2009\/01\/100_6565-300x169.jpg 300w\" sizes=\"auto, (max-width: 816px) 100vw, 816px\" \/><figcaption id=\"caption-attachment-533\" class=\"wp-caption-text\">Wieso gabs im Osten eigentlich keinen Schwenker... Daf\u00fcr sollte man ihn posthum foltern...<\/figcaption><\/figure>\n<figure id=\"attachment_534\" aria-describedby=\"caption-attachment-534\" style=\"width: 816px\" class=\"wp-caption aligncenter\"><img loading=\"lazy\" decoding=\"async\" class=\"size-full wp-image-534\" src=\"http:\/\/www.dailyarvel.de\/wp-content\/uploads\/2009\/01\/100_6569.jpg\" alt=\"History Boyband\" width=\"816\" height=\"460\" srcset=\"http:\/\/www.dailyarvel.de\/wp-content\/uploads\/2009\/01\/100_6569.jpg 816w, http:\/\/www.dailyarvel.de\/wp-content\/uploads\/2009\/01\/100_6569-300x169.jpg 300w\" sizes=\"auto, (max-width: 816px) 100vw, 816px\" \/><figcaption id=\"caption-attachment-534\" class=\"wp-caption-text\">History Boyband<\/figcaption><\/figure>\n<figure id=\"attachment_535\" aria-describedby=\"caption-attachment-535\" style=\"width: 816px\" class=\"wp-caption aligncenter\"><img loading=\"lazy\" decoding=\"async\" class=\"size-full wp-image-535\" src=\"http:\/\/www.dailyarvel.de\/wp-content\/uploads\/2009\/01\/100_6577.jpg\" alt=\"Kohlroulade\" width=\"816\" height=\"460\" srcset=\"http:\/\/www.dailyarvel.de\/wp-content\/uploads\/2009\/01\/100_6577.jpg 816w, http:\/\/www.dailyarvel.de\/wp-content\/uploads\/2009\/01\/100_6577-300x169.jpg 300w\" sizes=\"auto, (max-width: 816px) 100vw, 816px\" \/><figcaption id=\"caption-attachment-535\" class=\"wp-caption-text\">Kohlroulade<\/figcaption><\/figure>\n<figure id=\"attachment_536\" aria-describedby=\"caption-attachment-536\" style=\"width: 460px\" class=\"wp-caption aligncenter\"><img loading=\"lazy\" decoding=\"async\" class=\"size-full wp-image-536\" src=\"http:\/\/www.dailyarvel.de\/wp-content\/uploads\/2009\/01\/100_6579.jpg\" alt=\"(Hier sollte eigentlich ein Witz \u00fcbers Haarf\u00e4rben stehen...)\" width=\"460\" height=\"816\" srcset=\"http:\/\/www.dailyarvel.de\/wp-content\/uploads\/2009\/01\/100_6579.jpg 460w, http:\/\/www.dailyarvel.de\/wp-content\/uploads\/2009\/01\/100_6579-169x300.jpg 169w\" sizes=\"auto, (max-width: 460px) 100vw, 460px\" \/><figcaption id=\"caption-attachment-536\" class=\"wp-caption-text\">(Hier sollte eigentlich ein Witz \u00fcbers Haarf\u00e4rben stehen...)<\/figcaption><\/figure>\n<figure id=\"attachment_537\" aria-describedby=\"caption-attachment-537\" style=\"width: 816px\" class=\"wp-caption aligncenter\"><img loading=\"lazy\" decoding=\"async\" class=\"size-full wp-image-537\" src=\"http:\/\/www.dailyarvel.de\/wp-content\/uploads\/2009\/01\/100_6583.jpg\" alt=\"Gott sei dank war es die Post-2005 Merkel und nicht die Pre-2005\" width=\"816\" height=\"460\" srcset=\"http:\/\/www.dailyarvel.de\/wp-content\/uploads\/2009\/01\/100_6583.jpg 816w, http:\/\/www.dailyarvel.de\/wp-content\/uploads\/2009\/01\/100_6583-300x169.jpg 300w\" sizes=\"auto, (max-width: 816px) 100vw, 816px\" \/><figcaption id=\"caption-attachment-537\" class=\"wp-caption-text\">Gott sei dank war es die Post-2005 Merkel und nicht die Pre-2005<\/figcaption><\/figure>\n<figure id=\"attachment_538\" aria-describedby=\"caption-attachment-538\" style=\"width: 816px\" class=\"wp-caption aligncenter\"><img loading=\"lazy\" decoding=\"async\" class=\"size-full wp-image-538\" src=\"http:\/\/www.dailyarvel.de\/wp-content\/uploads\/2009\/01\/100_6585.jpg\" alt=\"Selbst der Imperator steht im Wachsfigurenkabinett...\" width=\"816\" height=\"460\" srcset=\"http:\/\/www.dailyarvel.de\/wp-content\/uploads\/2009\/01\/100_6585.jpg 816w, http:\/\/www.dailyarvel.de\/wp-content\/uploads\/2009\/01\/100_6585-300x169.jpg 300w\" sizes=\"auto, (max-width: 816px) 100vw, 816px\" \/><figcaption id=\"caption-attachment-538\" class=\"wp-caption-text\">Selbst der Imperator steht im Wachsfigurenkabinett...<\/figcaption><\/figure>\n<figure id=\"attachment_539\" aria-describedby=\"caption-attachment-539\" style=\"width: 816px\" class=\"wp-caption aligncenter\"><img loading=\"lazy\" decoding=\"async\" class=\"size-full wp-image-539\" src=\"http:\/\/www.dailyarvel.de\/wp-content\/uploads\/2009\/01\/100_6587.jpg\" alt=\"Brother Louie\" width=\"816\" height=\"460\" srcset=\"http:\/\/www.dailyarvel.de\/wp-content\/uploads\/2009\/01\/100_6587.jpg 816w, http:\/\/www.dailyarvel.de\/wp-content\/uploads\/2009\/01\/100_6587-300x169.jpg 300w\" sizes=\"auto, (max-width: 816px) 100vw, 816px\" \/><figcaption id=\"caption-attachment-539\" class=\"wp-caption-text\">Brother Louie<\/figcaption><\/figure>\n<figure id=\"attachment_540\" aria-describedby=\"caption-attachment-540\" style=\"width: 816px\" class=\"wp-caption aligncenter\"><img loading=\"lazy\" decoding=\"async\" class=\"size-full wp-image-540\" src=\"http:\/\/www.dailyarvel.de\/wp-content\/uploads\/2009\/01\/100_6592.jpg\" alt=\"Ein relativ cooler Zeitgenosse\" width=\"816\" height=\"460\" srcset=\"http:\/\/www.dailyarvel.de\/wp-content\/uploads\/2009\/01\/100_6592.jpg 816w, http:\/\/www.dailyarvel.de\/wp-content\/uploads\/2009\/01\/100_6592-300x169.jpg 300w\" sizes=\"auto, (max-width: 816px) 100vw, 816px\" \/><figcaption id=\"caption-attachment-540\" class=\"wp-caption-text\">Ein relativ cooler Zeitgenosse<\/figcaption><\/figure>\n<figure id=\"attachment_541\" aria-describedby=\"caption-attachment-541\" style=\"width: 816px\" class=\"wp-caption aligncenter\"><img loading=\"lazy\" decoding=\"async\" class=\"size-full wp-image-541\" src=\"http:\/\/www.dailyarvel.de\/wp-content\/uploads\/2009\/01\/100_6594.jpg\" alt=\"Und ich dachte das Rauchverbot w\u00fcrde selbst f\u00fcr Psychiater gelten...\" width=\"816\" height=\"460\" srcset=\"http:\/\/www.dailyarvel.de\/wp-content\/uploads\/2009\/01\/100_6594.jpg 816w, http:\/\/www.dailyarvel.de\/wp-content\/uploads\/2009\/01\/100_6594-300x169.jpg 300w\" sizes=\"auto, (max-width: 816px) 100vw, 816px\" \/><figcaption id=\"caption-attachment-541\" class=\"wp-caption-text\">Und ich dachte das Rauchverbot w\u00fcrde selbst f\u00fcr Psychiater gelten...<\/figcaption><\/figure>\n<figure id=\"attachment_542\" aria-describedby=\"caption-attachment-542\" style=\"width: 816px\" class=\"wp-caption aligncenter\"><img loading=\"lazy\" decoding=\"async\" class=\"size-full wp-image-542\" src=\"http:\/\/www.dailyarvel.de\/wp-content\/uploads\/2009\/01\/100_6606.jpg\" alt=\"Sei leiser Manuela\" width=\"816\" height=\"460\" srcset=\"http:\/\/www.dailyarvel.de\/wp-content\/uploads\/2009\/01\/100_6606.jpg 816w, http:\/\/www.dailyarvel.de\/wp-content\/uploads\/2009\/01\/100_6606-300x169.jpg 300w\" sizes=\"auto, (max-width: 816px) 100vw, 816px\" \/><figcaption id=\"caption-attachment-542\" class=\"wp-caption-text\">Sei leiser Manuela<\/figcaption><\/figure>\n<figure id=\"attachment_543\" aria-describedby=\"caption-attachment-543\" style=\"width: 460px\" class=\"wp-caption aligncenter\"><img loading=\"lazy\" decoding=\"async\" class=\"size-full wp-image-543\" src=\"http:\/\/www.dailyarvel.de\/wp-content\/uploads\/2009\/01\/100_6621.jpg\" alt=\"&quot;Wenn Sie an diesem Finger ziehen, ert\u00f6nt ein lauter Knall...&quot;\" width=\"460\" height=\"816\" srcset=\"http:\/\/www.dailyarvel.de\/wp-content\/uploads\/2009\/01\/100_6621.jpg 460w, http:\/\/www.dailyarvel.de\/wp-content\/uploads\/2009\/01\/100_6621-169x300.jpg 169w\" sizes=\"auto, (max-width: 460px) 100vw, 460px\" \/><figcaption id=\"caption-attachment-543\" class=\"wp-caption-text\">&quot;Wenn Sie an diesem Finger ziehen, ert\u00f6nt ein lauter Knall...&quot;<\/figcaption><\/figure>\n<p><img loading=\"lazy\" decoding=\"async\" class=\"aligncenter size-full wp-image-544\" src=\"http:\/\/www.dailyarvel.de\/wp-content\/uploads\/2009\/01\/100_6626.jpg\" alt=\"100_6626\" width=\"460\" height=\"816\" srcset=\"http:\/\/www.dailyarvel.de\/wp-content\/uploads\/2009\/01\/100_6626.jpg 460w, http:\/\/www.dailyarvel.de\/wp-content\/uploads\/2009\/01\/100_6626-169x300.jpg 169w\" sizes=\"auto, (max-width: 460px) 100vw, 460px\" \/><\/p>\n<figure id=\"attachment_545\" aria-describedby=\"caption-attachment-545\" style=\"width: 460px\" class=\"wp-caption aligncenter\"><img loading=\"lazy\" decoding=\"async\" class=\"size-full wp-image-545\" src=\"http:\/\/www.dailyarvel.de\/wp-content\/uploads\/2009\/01\/100_6628.jpg\" alt=\"Jo mei...\" width=\"460\" height=\"816\" srcset=\"http:\/\/www.dailyarvel.de\/wp-content\/uploads\/2009\/01\/100_6628.jpg 460w, http:\/\/www.dailyarvel.de\/wp-content\/uploads\/2009\/01\/100_6628-169x300.jpg 169w\" sizes=\"auto, (max-width: 460px) 100vw, 460px\" \/><figcaption id=\"caption-attachment-545\" class=\"wp-caption-text\">Jo mei...<\/figcaption><\/figure>\n<p><img loading=\"lazy\" decoding=\"async\" class=\"aligncenter size-full wp-image-546\" src=\"http:\/\/www.dailyarvel.de\/wp-content\/uploads\/2009\/01\/100_6633.jpg\" alt=\"100_6633\" width=\"460\" height=\"816\" srcset=\"http:\/\/www.dailyarvel.de\/wp-content\/uploads\/2009\/01\/100_6633.jpg 460w, http:\/\/www.dailyarvel.de\/wp-content\/uploads\/2009\/01\/100_6633-169x300.jpg 169w\" sizes=\"auto, (max-width: 460px) 100vw, 460px\" \/><\/p>\n<figure id=\"attachment_547\" aria-describedby=\"caption-attachment-547\" style=\"width: 460px\" class=\"wp-caption aligncenter\"><img loading=\"lazy\" decoding=\"async\" class=\"size-full wp-image-547\" src=\"http:\/\/www.dailyarvel.de\/wp-content\/uploads\/2009\/01\/100_6636.jpg\" alt=\"Gott hab ihn selig...\" width=\"460\" height=\"816\" srcset=\"http:\/\/www.dailyarvel.de\/wp-content\/uploads\/2009\/01\/100_6636.jpg 460w, http:\/\/www.dailyarvel.de\/wp-content\/uploads\/2009\/01\/100_6636-169x300.jpg 169w\" sizes=\"auto, (max-width: 460px) 100vw, 460px\" \/><figcaption id=\"caption-attachment-547\" class=\"wp-caption-text\">Gott hab ihn selig...<\/figcaption><\/figure>\n<figure id=\"attachment_548\" aria-describedby=\"caption-attachment-548\" style=\"width: 816px\" class=\"wp-caption aligncenter\"><img loading=\"lazy\" decoding=\"async\" class=\"size-full wp-image-548\" src=\"http:\/\/www.dailyarvel.de\/wp-content\/uploads\/2009\/01\/100_6644.jpg\" alt=\"Ja... also... genau... ja... \" width=\"816\" height=\"460\" srcset=\"http:\/\/www.dailyarvel.de\/wp-content\/uploads\/2009\/01\/100_6644.jpg 816w, http:\/\/www.dailyarvel.de\/wp-content\/uploads\/2009\/01\/100_6644-300x169.jpg 300w\" sizes=\"auto, (max-width: 816px) 100vw, 816px\" \/><figcaption id=\"caption-attachment-548\" class=\"wp-caption-text\">Ja... also... genau... ja... <\/figcaption><\/figure>\n<figure id=\"attachment_549\" aria-describedby=\"caption-attachment-549\" style=\"width: 460px\" class=\"wp-caption aligncenter\"><img loading=\"lazy\" decoding=\"async\" class=\"size-full wp-image-549\" src=\"http:\/\/www.dailyarvel.de\/wp-content\/uploads\/2009\/01\/100_66461.jpg\" alt=\"WWM - Ego-Perspektive\" width=\"460\" height=\"816\" srcset=\"http:\/\/www.dailyarvel.de\/wp-content\/uploads\/2009\/01\/100_66461.jpg 460w, http:\/\/www.dailyarvel.de\/wp-content\/uploads\/2009\/01\/100_66461-169x300.jpg 169w\" sizes=\"auto, (max-width: 460px) 100vw, 460px\" \/><figcaption id=\"caption-attachment-549\" class=\"wp-caption-text\">WWM - Ego-Perspektive<\/figcaption><\/figure>\n<figure id=\"attachment_550\" aria-describedby=\"caption-attachment-550\" style=\"width: 816px\" class=\"wp-caption aligncenter\"><img loading=\"lazy\" decoding=\"async\" class=\"size-full wp-image-550\" src=\"http:\/\/www.dailyarvel.de\/wp-content\/uploads\/2009\/01\/100_6651.jpg\" alt=\"DAS waren noch Musiker\" width=\"816\" height=\"460\" srcset=\"http:\/\/www.dailyarvel.de\/wp-content\/uploads\/2009\/01\/100_6651.jpg 816w, http:\/\/www.dailyarvel.de\/wp-content\/uploads\/2009\/01\/100_6651-300x169.jpg 300w\" sizes=\"auto, (max-width: 816px) 100vw, 816px\" \/><figcaption id=\"caption-attachment-550\" class=\"wp-caption-text\">DAS waren noch Musiker<\/figcaption><\/figure>\n<figure id=\"attachment_551\" aria-describedby=\"caption-attachment-551\" style=\"width: 460px\" class=\"wp-caption aligncenter\"><img loading=\"lazy\" decoding=\"async\" class=\"size-full wp-image-551\" src=\"http:\/\/www.dailyarvel.de\/wp-content\/uploads\/2009\/01\/100_6653.jpg\" alt=\"You were always on my mind...\" width=\"460\" height=\"816\" srcset=\"http:\/\/www.dailyarvel.de\/wp-content\/uploads\/2009\/01\/100_6653.jpg 460w, http:\/\/www.dailyarvel.de\/wp-content\/uploads\/2009\/01\/100_6653-169x300.jpg 169w\" sizes=\"auto, (max-width: 460px) 100vw, 460px\" \/><figcaption id=\"caption-attachment-551\" class=\"wp-caption-text\">You were always on my mind...<\/figcaption><\/figure>\n<figure id=\"attachment_552\" aria-describedby=\"caption-attachment-552\" style=\"width: 816px\" class=\"wp-caption aligncenter\"><img loading=\"lazy\" decoding=\"async\" class=\"size-full wp-image-552\" src=\"http:\/\/www.dailyarvel.de\/wp-content\/uploads\/2009\/01\/100_6671.jpg\" alt=\"Axel Schweiss... ein misslungener Versuch von sehr vielen...\" width=\"816\" height=\"460\" srcset=\"http:\/\/www.dailyarvel.de\/wp-content\/uploads\/2009\/01\/100_6671.jpg 816w, http:\/\/www.dailyarvel.de\/wp-content\/uploads\/2009\/01\/100_6671-300x169.jpg 300w\" sizes=\"auto, (max-width: 816px) 100vw, 816px\" \/><figcaption id=\"caption-attachment-552\" class=\"wp-caption-text\">Axel Schweiss... ein misslungener Versuch von sehr vielen...<\/figcaption><\/figure>\n<figure id=\"attachment_553\" aria-describedby=\"caption-attachment-553\" style=\"width: 816px\" class=\"wp-caption aligncenter\"><img loading=\"lazy\" decoding=\"async\" class=\"size-full wp-image-553\" src=\"http:\/\/www.dailyarvel.de\/wp-content\/uploads\/2009\/01\/100_6674.jpg\" alt=\"Guten Morgan\" width=\"816\" height=\"460\" srcset=\"http:\/\/www.dailyarvel.de\/wp-content\/uploads\/2009\/01\/100_6674.jpg 816w, http:\/\/www.dailyarvel.de\/wp-content\/uploads\/2009\/01\/100_6674-300x169.jpg 300w\" sizes=\"auto, (max-width: 816px) 100vw, 816px\" \/><figcaption id=\"caption-attachment-553\" class=\"wp-caption-text\">Guten Morgan<\/figcaption><\/figure>\n<figure id=\"attachment_554\" aria-describedby=\"caption-attachment-554\" style=\"width: 460px\" class=\"wp-caption aligncenter\"><img loading=\"lazy\" decoding=\"async\" class=\"size-full wp-image-554\" src=\"http:\/\/www.dailyarvel.de\/wp-content\/uploads\/2009\/01\/100_6680.jpg\" alt=\"Let me entertain you...\" width=\"460\" height=\"816\" srcset=\"http:\/\/www.dailyarvel.de\/wp-content\/uploads\/2009\/01\/100_6680.jpg 460w, http:\/\/www.dailyarvel.de\/wp-content\/uploads\/2009\/01\/100_6680-169x300.jpg 169w\" sizes=\"auto, (max-width: 460px) 100vw, 460px\" \/><figcaption id=\"caption-attachment-554\" class=\"wp-caption-text\">Let me entertain you...<\/figcaption><\/figure>\n<figure id=\"attachment_555\" aria-describedby=\"caption-attachment-555\" style=\"width: 816px\" class=\"wp-caption aligncenter\"><img loading=\"lazy\" decoding=\"async\" class=\"size-full wp-image-555\" src=\"http:\/\/www.dailyarvel.de\/wp-content\/uploads\/2009\/01\/100_6684.jpg\" alt=\"PIRAAATTEEEEENNN\" width=\"816\" height=\"460\" srcset=\"http:\/\/www.dailyarvel.de\/wp-content\/uploads\/2009\/01\/100_6684.jpg 816w, http:\/\/www.dailyarvel.de\/wp-content\/uploads\/2009\/01\/100_6684-300x169.jpg 300w\" sizes=\"auto, (max-width: 816px) 100vw, 816px\" \/><figcaption id=\"caption-attachment-555\" class=\"wp-caption-text\">PIRAAATTEEEEENNN<\/figcaption><\/figure>\n<figure id=\"attachment_556\" aria-describedby=\"caption-attachment-556\" style=\"width: 816px\" class=\"wp-caption aligncenter\"><img loading=\"lazy\" decoding=\"async\" class=\"size-full wp-image-556\" src=\"http:\/\/www.dailyarvel.de\/wp-content\/uploads\/2009\/01\/100_6687.jpg\" alt=\"One bad-ass Motherfucka\" width=\"816\" height=\"460\" srcset=\"http:\/\/www.dailyarvel.de\/wp-content\/uploads\/2009\/01\/100_6687.jpg 816w, http:\/\/www.dailyarvel.de\/wp-content\/uploads\/2009\/01\/100_6687-300x169.jpg 300w\" sizes=\"auto, (max-width: 816px) 100vw, 816px\" \/><figcaption id=\"caption-attachment-556\" class=\"wp-caption-text\">One bad-ass Motherfucka<\/figcaption><\/figure>\n<figure id=\"attachment_557\" aria-describedby=\"caption-attachment-557\" style=\"width: 816px\" class=\"wp-caption aligncenter\"><img loading=\"lazy\" decoding=\"async\" class=\"size-full wp-image-557\" src=\"http:\/\/www.dailyarvel.de\/wp-content\/uploads\/2009\/01\/100_6697.jpg\" alt=\"Der Abf\u00fcller...\" width=\"816\" height=\"460\" srcset=\"http:\/\/www.dailyarvel.de\/wp-content\/uploads\/2009\/01\/100_6697.jpg 816w, http:\/\/www.dailyarvel.de\/wp-content\/uploads\/2009\/01\/100_6697-300x169.jpg 300w\" sizes=\"auto, (max-width: 816px) 100vw, 816px\" \/><figcaption id=\"caption-attachment-557\" class=\"wp-caption-text\">Der Abf\u00fcller...<\/figcaption><\/figure>\n<p><img loading=\"lazy\" decoding=\"async\" class=\"aligncenter size-full wp-image-558\" src=\"http:\/\/www.dailyarvel.de\/wp-content\/uploads\/2009\/01\/100_6700.jpg\" alt=\"100_6700\" width=\"1558\" height=\"420\" srcset=\"http:\/\/www.dailyarvel.de\/wp-content\/uploads\/2009\/01\/100_6700.jpg 1558w, http:\/\/www.dailyarvel.de\/wp-content\/uploads\/2009\/01\/100_6700-300x80.jpg 300w, http:\/\/www.dailyarvel.de\/wp-content\/uploads\/2009\/01\/100_6700-1023x276.jpg 1023w\" sizes=\"auto, (max-width: 1558px) 100vw, 1558px\" \/><\/p>\n<p>Nun. Dann war nach einiger Zeit auch das Wachsfigurenkabinett ausgereizt. Also auf zum n\u00e4chsten Museum. Das war das Film- und Fernsehmuseum. Erstmals ist das Museum sehr kompliziert aufgebaut (Kasse unten, Garderobe 2. Untergeschoss, 1. Stock Sonderausstellung, 3. Stock Eingang Film- und Fernsehmuseum, wobei Filmmuseum in den 2. Stock hinab geht und Fernsehmuseum in den 4. Stock hochgeht&#8230; also wer das designt hat, geh\u00f6rt auf den Mond geschossen). Als TV-Fanatiker bin ich dann mal ins TV-Museum gegangen, wo neben ein paar Wandplakaten noch ein Spiegelsaal war, in dem eine l\u00e4ngere Retrospektive gezeigt werden sollte. Da zu dem Zeitpunkt aber ne Sonderausstellung zu Loriot war, wurde aus dem 30 Minuten R\u00fcckblick eine 5 min\u00fctige Best-of-Loriot-Sendung, die in Dauerrotation lief. Klasse. Meine 6 \u20ac waren schon mal gut angelegt. Oben im 4. Stock gabs dann viele Filmsitzecken, in dem ein Loriotsketch nach dem anderen lief. Hm&#8230; Sonderausstellung sch\u00f6n und gut&#8230; ich will aber das normale sehen&#8230;<\/p>\n<p><img loading=\"lazy\" decoding=\"async\" class=\"aligncenter size-full wp-image-559\" src=\"http:\/\/www.dailyarvel.de\/wp-content\/uploads\/2009\/01\/100_67151.jpg\" alt=\"100_67151\" width=\"816\" height=\"460\" srcset=\"http:\/\/www.dailyarvel.de\/wp-content\/uploads\/2009\/01\/100_67151.jpg 816w, http:\/\/www.dailyarvel.de\/wp-content\/uploads\/2009\/01\/100_67151-300x169.jpg 300w\" sizes=\"auto, (max-width: 816px) 100vw, 816px\" \/><img loading=\"lazy\" decoding=\"async\" class=\"aligncenter size-full wp-image-560\" src=\"http:\/\/www.dailyarvel.de\/wp-content\/uploads\/2009\/01\/100_6718.jpg\" alt=\"100_6718\" width=\"816\" height=\"460\" srcset=\"http:\/\/www.dailyarvel.de\/wp-content\/uploads\/2009\/01\/100_6718.jpg 816w, http:\/\/www.dailyarvel.de\/wp-content\/uploads\/2009\/01\/100_6718-300x169.jpg 300w\" sizes=\"auto, (max-width: 816px) 100vw, 816px\" \/><\/p>\n<figure id=\"attachment_561\" aria-describedby=\"caption-attachment-561\" style=\"width: 816px\" class=\"wp-caption aligncenter\"><img loading=\"lazy\" decoding=\"async\" class=\"size-full wp-image-561\" src=\"http:\/\/www.dailyarvel.de\/wp-content\/uploads\/2009\/01\/100_6719.jpg\" alt=\"Georgio Moroder... RLY ?\" width=\"816\" height=\"460\" srcset=\"http:\/\/www.dailyarvel.de\/wp-content\/uploads\/2009\/01\/100_6719.jpg 816w, http:\/\/www.dailyarvel.de\/wp-content\/uploads\/2009\/01\/100_6719-300x169.jpg 300w\" sizes=\"auto, (max-width: 816px) 100vw, 816px\" \/><figcaption id=\"caption-attachment-561\" class=\"wp-caption-text\">Georgio Moroder... RLY ?<\/figcaption><\/figure>\n<p>Gut, vllt. ist es ja im Filmmuseum bessern. Und ja&#8230; die Exponate dort waren recht interessant. Mein Lieblingsausstellungsst\u00fcck war zB ein Brief von Erich K\u00e4stner an Marlene Dietrich in den 30er. Klasse. Der Erich hat n\u00e4mlich versucht, \u00fcber die Dietrich in Hollywood Werbung f\u00fcr seine Werke zu machen, damit doch ein Hollywood-Mogul seine Sachen verfilmt. Interessant waren auch viele Exponate zum &#8222;Metropolis&#8220;. Und ja&#8230; aus gewissen Gr\u00fcnden musste ich schon grinsen, was ich da sehen durfte \u00fcber die Versuche der Leute in den 20ern so was wie KI zu erkl\u00e4ren. In Zeiten, wo noch niemand an KI dachte. Metropolis war auch die Kante, wo man hinuntergehen sollte in den 2. Stock. Nach ein paar R\u00e4umen wies allerdings ein gro\u00dfes Schild darauf hin, dass an dieser Stelle die Tour leider enden m\u00fcsste, weil die Ausstellung umgebaut werden w\u00fcrde. Argh. Da w\u00e4r aber was zu Sci-Fi-Filmen gewesen wie Star Wars, Alien, 2001 oder Star Trek. Argh. Verarsche. Leicht anges\u00e4uert nahm ich meine Sachen und versuchte im Sony Center erneut einen Sitzplatz in einem australischen Restaurant zu bekommen. Und wie vor einem Jahr war auch diesmal alles \u00fcberf\u00fcllt. Klasse. Gut, dann bin ich halt eben Kartoffeln essen gegangen. Lecker. Kann man nur weiterempfehlen.<\/p>\n<figure id=\"attachment_562\" aria-describedby=\"caption-attachment-562\" style=\"width: 816px\" class=\"wp-caption aligncenter\"><img loading=\"lazy\" decoding=\"async\" class=\"size-full wp-image-562\" src=\"http:\/\/www.dailyarvel.de\/wp-content\/uploads\/2009\/01\/100_6723.jpg\" alt=\"yammy\" width=\"816\" height=\"460\" srcset=\"http:\/\/www.dailyarvel.de\/wp-content\/uploads\/2009\/01\/100_6723.jpg 816w, http:\/\/www.dailyarvel.de\/wp-content\/uploads\/2009\/01\/100_6723-300x169.jpg 300w\" sizes=\"auto, (max-width: 816px) 100vw, 816px\" \/><figcaption id=\"caption-attachment-562\" class=\"wp-caption-text\">yammy<\/figcaption><\/figure>\n<p><img loading=\"lazy\" decoding=\"async\" class=\"aligncenter size-full wp-image-563\" src=\"http:\/\/www.dailyarvel.de\/wp-content\/uploads\/2009\/01\/100_67311.jpg\" alt=\"100_67311\" width=\"816\" height=\"460\" srcset=\"http:\/\/www.dailyarvel.de\/wp-content\/uploads\/2009\/01\/100_67311.jpg 816w, http:\/\/www.dailyarvel.de\/wp-content\/uploads\/2009\/01\/100_67311-300x169.jpg 300w\" sizes=\"auto, (max-width: 816px) 100vw, 816px\" \/><\/p>\n<p><img loading=\"lazy\" decoding=\"async\" class=\"aligncenter size-full wp-image-564\" src=\"http:\/\/www.dailyarvel.de\/wp-content\/uploads\/2009\/01\/100_67451.jpg\" alt=\"100_67451\" width=\"816\" height=\"460\" srcset=\"http:\/\/www.dailyarvel.de\/wp-content\/uploads\/2009\/01\/100_67451.jpg 816w, http:\/\/www.dailyarvel.de\/wp-content\/uploads\/2009\/01\/100_67451-300x169.jpg 300w\" sizes=\"auto, (max-width: 816px) 100vw, 816px\" \/><\/p>\n<p>Nun. Der erste Tag des Jahres endete allerdings doch noch ganz gro\u00dfartig. Und zwar auf einer riesigen IMAX-Leinwand. Mit The Dark Knight. Also der Film wirkt in den speziellen IMAX-Szenen noch gr\u00f6\u00dfer. Und die Qualit\u00e4t. Wow. Ich hatte bei der Anfangssequenz fast schon H\u00f6henangst, als die 2 Pseudo-Joker von einem Haus zum anderen rutschten \u00fcber diese riesigen H\u00e4userschluchten. Ph\u00e4nomenal.<\/p>\n<p>Gegen 1 Uhr war der Film dann zu Ende. Leider aber auch der S- und U-Bahn-Verkehr. Also musste ich mich per Bus und per Pedes wieder einmal durch Berlin qu\u00e4len. Und da ich solangsam erste Erm\u00fcdungserscheinungen hatte nach den langen M\u00e4rschen der letzten Tage, wurde jeder Schritt zu einer Qual. Vor allem auch bedingt durch die immer k\u00e4lter werdenden N\u00e4chte.<\/p>\n<p><img loading=\"lazy\" decoding=\"async\" class=\"aligncenter size-full wp-image-565\" src=\"http:\/\/www.dailyarvel.de\/wp-content\/uploads\/2009\/01\/100_6751.jpg\" alt=\"100_6751\" width=\"460\" height=\"816\" srcset=\"http:\/\/www.dailyarvel.de\/wp-content\/uploads\/2009\/01\/100_6751.jpg 460w, http:\/\/www.dailyarvel.de\/wp-content\/uploads\/2009\/01\/100_6751-169x300.jpg 169w\" sizes=\"auto, (max-width: 460px) 100vw, 460px\" \/><img loading=\"lazy\" decoding=\"async\" class=\"aligncenter size-full wp-image-566\" src=\"http:\/\/www.dailyarvel.de\/wp-content\/uploads\/2009\/01\/100_6753.jpg\" alt=\"100_6753\" width=\"816\" height=\"460\" srcset=\"http:\/\/www.dailyarvel.de\/wp-content\/uploads\/2009\/01\/100_6753.jpg 816w, http:\/\/www.dailyarvel.de\/wp-content\/uploads\/2009\/01\/100_6753-300x169.jpg 300w\" sizes=\"auto, (max-width: 816px) 100vw, 816px\" \/><\/p>\n<p><img loading=\"lazy\" decoding=\"async\" class=\"aligncenter size-full wp-image-567\" src=\"http:\/\/www.dailyarvel.de\/wp-content\/uploads\/2009\/01\/100_6755.jpg\" alt=\"100_6755\" width=\"816\" height=\"460\" srcset=\"http:\/\/www.dailyarvel.de\/wp-content\/uploads\/2009\/01\/100_6755.jpg 816w, http:\/\/www.dailyarvel.de\/wp-content\/uploads\/2009\/01\/100_6755-300x169.jpg 300w\" sizes=\"auto, (max-width: 816px) 100vw, 816px\" \/><\/p>\n<p>Nun ja. Der letzte Tag. Nach dem Frust der vergangenen Tage war nun der iPod f\u00e4llig. Ich hab mir dann doch noch den gro\u00dfen geholt und bin nun richtig gl\u00fccklich.\u00a0 Ich bin dann noch ein wenig shoppen gegangen, aber lange hab ich an dem Tag nix mehr gemacht. Ausser noch einmal ins KaDeWe zum schlemmen. Wow. Ist das lecker. Sowas br\u00e4uchte man als Mensa&#8230; Nur billiger. Als ich rausgekommen bin aus dem KaDeWe, wurde ich wieder an den vorherigen Tag erinnert, da man oft nicht weiss, was einen erwartet, wenn man irgendwo hinausgeht. In dem Fall standen neben dem KaDeWe mehrere gr\u00fcn-wei\u00dfe Partybusse und davor eine Gruppe religi\u00f6ser Eiferer, die einem kostenlose Stresstests geben wollten. Oh&#8230; Nicht die schon wieder. Und ja&#8230; es hingen die gleichen B\u00fccher davor. Doch das war nicht der Grund f\u00fcr den Polizeiaufmarsch (leider). Ein paar Meter weiter gab es n\u00e4mlich eine lautstarke Demonstration. Da ich das Geschrieene nicht so recht entziffern konnte, und die geschwenkten Fahnen schnell in eine nah-\u00f6stliche Region einordnen konnte, und da einige Schilder das Wort Israel beinhalteten, kam ich dann schnell zum Schluss, dass hier doch eine gr\u00f6\u00dfere Demo abgeht, da im Verlauf der letzten Woche der Konflikt im Gaza-Streifen zwischen Israel und den Pal\u00e4stinensern eskalierte. Schnell machte ich mich davon. Die Scientologen machten mir Angst&#8230;<\/p>\n<p>Zu m\u00fcde war ich und ich wollte auch nur noch nach Hause. Es musste ja auch noch ein dicker Koffer gepackt werden. Am n\u00e4chsten morgen bin ich dann schwer \u00fcberm\u00fcdet ausgecheckt, zum Flughafen gefahren, den Laptop nach Sprengstoff untersucht bekommen (Kommen se ma bitte mit zur Gep\u00e4cksonderkontrolle, wa?&#8220;) und mitten im Fr\u00fchst\u00fcck zum Boarding gerufen worden. Nicht mal meine Fanta konnte ich noch austrinken. Kurz darauf war ich dann wieder in der Luft, und w\u00e4hrend die Gebiete, die beim letzten mal hell erleuchtet waren, dunkel waren, waren die dunklen Gebiete nun vollkommen wei\u00df. Der kleine Schnee der letzten Tag konnte doch liegen bleiben durch die kalten Temperaturen. Eine Stunde sp\u00e4ter war dann alles vorbei. Saarl\u00e4ndischer Boden war wieder unter meinen F\u00fcssen, und jetzt beginnt wieder der normale Alltag. Hoffentlich erfreulicher als im letzten Jahr.<\/p>\n<p>In dem Sinne, ein Frohet Neuet, Alter, wa?<\/p>\n<p>P.S. Ich werde die Tage noch die entsprechenden Eintr\u00e4ge noch mit Bildern bef\u00fcllen&#8230; also schaut die Tage nochmal vorbei<\/p>\n","protected":false},"excerpt":{"rendered":"<p>Ich habe ja bereits \u00fcber die erste H\u00e4lfte berichtet habe, hier nun die Zusammenfassung des Rests. Es war der 30. Dezember&#8230; und damit auch der letzte Tag des 25C3. Und da f\u00fcr diesen Tag noch ein paar gute Vortr\u00e4ge angek\u00fcndigt worden sind, machte ich noch einmal einen gro\u00dfen Rundumschlag. Gegen 11.30 begann der erste Talk [&hellip;]<\/p>\n","protected":false},"author":2,"featured_media":0,"comment_status":"open","ping_status":"open","sticky":false,"template":"","format":"standard","meta":{"_exactmetrics_skip_tracking":false,"_exactmetrics_sitenote_active":false,"_exactmetrics_sitenote_note":"","_exactmetrics_sitenote_category":0,"ngg_post_thumbnail":0,"jetpack_post_was_ever_published":false,"_jetpack_newsletter_access":"","_jetpack_dont_email_post_to_subs":false,"_jetpack_newsletter_tier_id":0,"_jetpack_memberships_contains_paywalled_content":false,"_jetpack_memberships_contains_paid_content":false,"footnotes":"","jetpack_publicize_message":"","jetpack_publicize_feature_enabled":true,"jetpack_social_post_already_shared":false,"jetpack_social_options":{"image_generator_settings":{"template":"highway","enabled":false},"version":2}},"categories":[1],"tags":[],"class_list":["post-427","post","type-post","status-publish","format-standard","hentry","category-uncategorized"],"jetpack_publicize_connections":[],"jetpack_featured_media_url":"","jetpack_shortlink":"https:\/\/wp.me\/p2tmAQ-6T","jetpack_sharing_enabled":true,"_links":{"self":[{"href":"http:\/\/www.dailyarvel.de\/index.php?rest_route=\/wp\/v2\/posts\/427","targetHints":{"allow":["GET"]}}],"collection":[{"href":"http:\/\/www.dailyarvel.de\/index.php?rest_route=\/wp\/v2\/posts"}],"about":[{"href":"http:\/\/www.dailyarvel.de\/index.php?rest_route=\/wp\/v2\/types\/post"}],"author":[{"embeddable":true,"href":"http:\/\/www.dailyarvel.de\/index.php?rest_route=\/wp\/v2\/users\/2"}],"replies":[{"embeddable":true,"href":"http:\/\/www.dailyarvel.de\/index.php?rest_route=%2Fwp%2Fv2%2Fcomments&post=427"}],"version-history":[{"count":4,"href":"http:\/\/www.dailyarvel.de\/index.php?rest_route=\/wp\/v2\/posts\/427\/revisions"}],"predecessor-version":[{"id":431,"href":"http:\/\/www.dailyarvel.de\/index.php?rest_route=\/wp\/v2\/posts\/427\/revisions\/431"}],"wp:attachment":[{"href":"http:\/\/www.dailyarvel.de\/index.php?rest_route=%2Fwp%2Fv2%2Fmedia&parent=427"}],"wp:term":[{"taxonomy":"category","embeddable":true,"href":"http:\/\/www.dailyarvel.de\/index.php?rest_route=%2Fwp%2Fv2%2Fcategories&post=427"},{"taxonomy":"post_tag","embeddable":true,"href":"http:\/\/www.dailyarvel.de\/index.php?rest_route=%2Fwp%2Fv2%2Ftags&post=427"}],"curies":[{"name":"wp","href":"https:\/\/api.w.org\/{rel}","templated":true}]}}