{"id":301,"date":"2008-12-28T00:35:23","date_gmt":"2008-12-27T22:35:23","guid":{"rendered":"http:\/\/www.dailyarvel.de\/?p=301"},"modified":"2009-01-10T19:19:40","modified_gmt":"2009-01-10T17:19:40","slug":"nothing-to-hide-nothing-to-fear","status":"publish","type":"post","link":"http:\/\/www.dailyarvel.de\/?p=301","title":{"rendered":"Nothing to hide &#8211; Nothing to fear&#8230;"},"content":{"rendered":"<p>Erst einmal frohe Weihnachten nachtr\u00e4glich&#8230; ich war ein wenig&#8230; besch\u00e4ftigt&#8230; <a href=\"http:\/\/en.wikipedia.org\/wiki\/World_of_Goo\">World of Goo<\/a> macht s\u00fcchtig \ud83d\ude42<\/p>\n<p>Jedenfalls habe ich mich auch noch ein wenig mit den Vorbereitungen f\u00fcr meinen &#8222;Urlaub&#8220; besch\u00e4ftigt, denn dieser Blogeintrag kommt nicht aus dem Saarland, sondern direkt aus Berlin.<\/p>\n<p>Ich hab mir gedacht&#8230; och&#8230; ich mach das gleiche wie im letzten Jahr&#8230; nur etwas l\u00e4nger. Bis zum 3. 1. hab ich vor hier zu verbringen.\u00a0 Zuerst verbring ich die Zeit auf dem 25C3, dem allj\u00e4hrigen Kongress des Chaos Computer Clubs. Und nat\u00fcrlich habe ich diesmal wieder vor dar\u00fcber zu bloggen&#8230; Wenn ich die Zeit dazu krieg. Heute mach ich mir die Zeit, auch wenn es Samstags abends ist&#8230; und ich etwas m\u00fcde bin nach einer etwas kurzen Nacht. Aber zuerst einmal ein kurzer Blick zur\u00fcck.<\/p>\n<p>Gestern habe ich zuerst einmal auf der Wii Secret of Mana gezockt. Wow. Schon Level 5. Aber ich weiche ab. Nach dem Kofferpacken gings noch kurz auf nen Geburtstag. Und von dort weiter zum Flughafen. Nachdem ich um ca. 19.30 durch den Sicherheitsbereich gegangen bin, gings direkt in die Wartehalle. Bei der Lekt\u00fcre des Jahres-R\u00fcckblicks vom <a href=\"http:\/\/www.spiegel.de\/panorama\/0,1518,538858,00.html\">Spiegel<\/a> fand ich schnell einen Beitrag mit dem Bild vom <a href=\"http:\/\/www.focus.de\/panorama\/welt\/orkan-emma_aid_263511.html\">Fast-Absturz eines Flugzeugs in Hamburg<\/a> &#8230; na das nenn ich perfekte Vorbereitung.<\/p>\n<p>Im Hintergrund lief auf einem gro\u00dfen TFT-Screen \u00fcbrigens der nette RTL-Abend mit Best of Otto-Gags, die vermurkst wurden von aktuellen Comedians&#8230; Das Original ist immer noch besser&#8230; Ach ja&#8230; gefolgt von einem Ice-Age-Kurzfilm&#8230; Ich wusste gar nicht, dass man in einem 10 min Kurzfilm 2 Werbebl\u00f6cke unterkriegen kann&#8230; Naja&#8230; RTL halt.<\/p>\n<p>Nun danach lief dann Der Herr der Ringe &#8211; Die Zwei T\u00fcrme. Beginnt der Anfang noch mit Gandalf&#8217;s legend\u00e4rem Spruch &#8222;You shall not pass&#8220; (Previously in Middle-Earth), stand ich mit genau dem gleichen Motto in einer langen Schlange vor dem Terminal. Na super. Auch toll war die Szene, als Gollum die 2 Hobbits angegriffen hat, danach an die Leine gelegt wird und vor den 2 Leuten herumspringt&#8230; w\u00e4hrend parallel dazu im Hintergrund Katy Perry &#8211; I kissed a girl lippensynchron zu Gollums Performance l\u00e4uft&#8230;. Ach deshalb ist das auch sein Schatz&#8230; Da wird mir schon so einiges klar.<\/p>\n<p>Jedenfalls gings ein paar Minuten sp\u00e4ter endlich ins Flugzeug. Und um mir noch mehr Mut zu machen, las der Vordermann vor mir einen Beitrag \u00fcber einen betrunkenen Piloten in London&#8230; Na Klasse. Wenigstens seh ich beim Herausschauen aus der Luke kein Kreuz am Strassenrand&#8230; der Startbahn halt. Und der Anschnallgurt passt auch farblich zu meinem Pulli&#8230; Meine Mutter w\u00fcrde sich freuen&#8230; Gut. Und ab gehts. Nach den \u00fcblichen Sicherheitsbelehrvideos beschlie\u00df ich meinen perfiden Plan&#8230; Ich bestelle mir Tomatensaft. Ich will das auch mal probieren. Aber besser nich&#8230; es ist scheu\u00dflich&#8230; aber mit den mitgegebenen Pfeffer- und Salz-Portionen kann man das ganze noch irgendwie genie\u00dfbar machen. Wurx&#8230; Beim n\u00e4chsten Mal will ich Maggi dazu.<\/p>\n<p>Parallel dazu sind wir nat\u00fcrlich bei Nacht losgeflogen mit ner Viertelstunde Versp\u00e4tung. Aber die Aussicht die sich dann nachts ergeben hat. Wow. Einen solchen Anblick hab ich so noch nicht erlebt (dank sternklarer Nacht). \u00dcberall kleine Lichtinseln. Mal gr\u00f6\u00dfer, mal kleiner. Und das Hunderte Kilometer weit&#8230; Aber da ich nur nach Berlin geflogen bin, war der Anblick recht kurz, und nach einer Stunde Flug gings dann endlich nach unten. Berlin, da bin ich&#8230;<\/p>\n<p><a href=\"http:\/\/www.dailyarvel.de\/wp-content\/uploads\/2008\/12\/100_4953.png\"><img loading=\"lazy\" decoding=\"async\" class=\"aligncenter size-medium wp-image-302\" src=\"http:\/\/www.dailyarvel.de\/wp-content\/uploads\/2008\/12\/100_4953-300x169.png\" alt=\"\" width=\"300\" height=\"169\" srcset=\"http:\/\/www.dailyarvel.de\/wp-content\/uploads\/2008\/12\/100_4953-300x169.png 300w, http:\/\/www.dailyarvel.de\/wp-content\/uploads\/2008\/12\/100_4953.png 600w\" sizes=\"auto, (max-width: 300px) 100vw, 300px\" \/><\/a><\/p>\n<p>Und schon konnte es losgehen. Koffer suchen, Verkehrsticket besorgen&#8230; und gleich die ersten Berliner Spezialisten erleben. Senioren, die &#8222;S-Bahn, fahr mit der S-Bahn nach Hause&#8230; oder nimmste ne Taxe&#8220; laut rufen. Und nach den ersten Freudespr\u00fcngen kommen somit die ersten traurigen Z\u00fcge Berlins auf. Gut, das ging schnell wieder weg, als die ersten Italiener im Bus anfangen zu singen, besoffene Jugendliche andere Leute anp\u00f6beln, Sprayer Werbebanner bemalen und verschmutzen oder gleich dagegen treten. War es letztes Mal auch so schlimm?<\/p>\n<p>Gut, nach einer l\u00e4nglichen Tour mit Bus, S-Bahn und U-Bahn hab ich endlich mein Ziel erreicht&#8230;<\/p>\n<p><a href=\"http:\/\/www.dailyarvel.de\/wp-content\/uploads\/2008\/12\/100_5005.png\"><img loading=\"lazy\" decoding=\"async\" class=\"aligncenter size-medium wp-image-303\" src=\"http:\/\/www.dailyarvel.de\/wp-content\/uploads\/2008\/12\/100_5005-300x169.png\" alt=\"\" width=\"300\" height=\"169\" srcset=\"http:\/\/www.dailyarvel.de\/wp-content\/uploads\/2008\/12\/100_5005-300x169.png 300w, http:\/\/www.dailyarvel.de\/wp-content\/uploads\/2008\/12\/100_5005.png 600w\" sizes=\"auto, (max-width: 300px) 100vw, 300px\" \/><\/a><\/p>\n<p>Das Hotel befindet sich w\u00f6rtlich 2 Meter von der U-Bahn-Station entfernt&#8230; und von ner D\u00f6ner-Bude. Ach ja&#8230; das Hotel ist supergeil. Brandneu und so viele coole Sachen in dem Hotel. Das einzige doofe im Moment ist nur die Lage von meinem Zimmer direkt neben dem Fahrstuhl&#8230; Aber hab ich schon erw\u00e4hnt, dass ich nen HD-Fernseher, Skype-Telefon und WiFi habe&#8230; und mir unten einen Segway oder iPods ausleihen kann. Wow&#8230; geilstes Hotel ever.<\/p>\n<p><a href=\"http:\/\/www.dailyarvel.de\/wp-content\/uploads\/2008\/12\/100_4968.png\"><img loading=\"lazy\" decoding=\"async\" class=\"aligncenter size-medium wp-image-304\" src=\"http:\/\/www.dailyarvel.de\/wp-content\/uploads\/2008\/12\/100_4968-300x169.png\" alt=\"\" width=\"300\" height=\"169\" srcset=\"http:\/\/www.dailyarvel.de\/wp-content\/uploads\/2008\/12\/100_4968-300x169.png 300w, http:\/\/www.dailyarvel.de\/wp-content\/uploads\/2008\/12\/100_4968.png 600w\" sizes=\"auto, (max-width: 300px) 100vw, 300px\" \/><\/a><\/p>\n<p><a href=\"http:\/\/www.dailyarvel.de\/wp-content\/uploads\/2008\/12\/100_4954.png\"><img loading=\"lazy\" decoding=\"async\" class=\"aligncenter size-medium wp-image-305\" src=\"http:\/\/www.dailyarvel.de\/wp-content\/uploads\/2008\/12\/100_4954-300x169.png\" alt=\"\" width=\"300\" height=\"169\" srcset=\"http:\/\/www.dailyarvel.de\/wp-content\/uploads\/2008\/12\/100_4954-300x169.png 300w, http:\/\/www.dailyarvel.de\/wp-content\/uploads\/2008\/12\/100_4954.png 600w\" sizes=\"auto, (max-width: 300px) 100vw, 300px\" \/><\/a><\/p>\n<p><a href=\"http:\/\/www.dailyarvel.de\/wp-content\/uploads\/2008\/12\/100_4956.png\"><img loading=\"lazy\" decoding=\"async\" class=\"aligncenter size-medium wp-image-306\" src=\"http:\/\/www.dailyarvel.de\/wp-content\/uploads\/2008\/12\/100_4956-300x169.png\" alt=\"\" width=\"300\" height=\"169\" srcset=\"http:\/\/www.dailyarvel.de\/wp-content\/uploads\/2008\/12\/100_4956-300x169.png 300w, http:\/\/www.dailyarvel.de\/wp-content\/uploads\/2008\/12\/100_4956.png 600w\" sizes=\"auto, (max-width: 300px) 100vw, 300px\" \/><\/a><\/p>\n<p>Und dann ab zum Kongress&#8230; Ab zu den Nerds. Also zum Alex hin und mal schauen, was da abgeht. Oh&#8230; erste Neuigkeit&#8230; Weniger Baustellen. Und da ist ein gro\u00dfes Geb\u00e4ude, wo letztes Jahr noch ne Baugrube war&#8230; Hm&#8230; Dagegen ist unser Neubau ja ein echter Schneckenbau&#8230; erm&#8230; japp isses auch.<\/p>\n<p><a href=\"http:\/\/www.dailyarvel.de\/wp-content\/uploads\/2008\/12\/100_5000.png\"><img loading=\"lazy\" decoding=\"async\" class=\"aligncenter size-medium wp-image-309\" src=\"http:\/\/www.dailyarvel.de\/wp-content\/uploads\/2008\/12\/100_5000-300x79.png\" alt=\"\" width=\"300\" height=\"79\" srcset=\"http:\/\/www.dailyarvel.de\/wp-content\/uploads\/2008\/12\/100_5000-300x79.png 300w, http:\/\/www.dailyarvel.de\/wp-content\/uploads\/2008\/12\/100_5000.png 600w\" sizes=\"auto, (max-width: 300px) 100vw, 300px\" \/><\/a><\/p>\n<p>Aber der Fernsehturm ist noch der selbe wie immer&#8230;<\/p>\n<p><a href=\"http:\/\/www.dailyarvel.de\/wp-content\/uploads\/2008\/12\/100_4981.png\"><img loading=\"lazy\" decoding=\"async\" class=\"aligncenter size-medium wp-image-310\" src=\"http:\/\/www.dailyarvel.de\/wp-content\/uploads\/2008\/12\/100_4981-300x169.png\" alt=\"\" width=\"300\" height=\"169\" srcset=\"http:\/\/www.dailyarvel.de\/wp-content\/uploads\/2008\/12\/100_4981-300x169.png 300w, http:\/\/www.dailyarvel.de\/wp-content\/uploads\/2008\/12\/100_4981.png 600w\" sizes=\"auto, (max-width: 300px) 100vw, 300px\" \/><\/a><\/p>\n<p><a href=\"http:\/\/www.dailyarvel.de\/wp-content\/uploads\/2008\/12\/100_4991.png\"><img loading=\"lazy\" decoding=\"async\" class=\"aligncenter size-medium wp-image-311\" src=\"http:\/\/www.dailyarvel.de\/wp-content\/uploads\/2008\/12\/100_4991-300x169.png\" alt=\"\" width=\"300\" height=\"169\" srcset=\"http:\/\/www.dailyarvel.de\/wp-content\/uploads\/2008\/12\/100_4991-300x169.png 300w, http:\/\/www.dailyarvel.de\/wp-content\/uploads\/2008\/12\/100_4991.png 600w\" sizes=\"auto, (max-width: 300px) 100vw, 300px\" \/><\/a><\/p>\n<p>Gut. Um ca. 23.30 hab ich dann endlich Sichtkontakt mit Bekannten, und nach der Tomatensaftnummer im Flugzeug rumorte es nun endlich kr\u00e4ftig im Bauch. Also ab in die Stadt. In ein schwarzes Caf\u00e9. \u00dcbrigens 24 Stunden lang ge\u00f6ffnet und die K\u00fcche l\u00e4uft auch rund um die Uhr. So was sucht man im Saarland vergebens. Und das H\u00fchnchenbrustsandwich war extralecker. Gut, gegen 2 Uhr sind wir dann aus dem Teil raus, aber f\u00fcr mich war es schon zu sp\u00e4t. Das wars f\u00fcr mich am ersten (kurzen) Abend.<\/p>\n<p>Die Nacht war recht schlecht verlaufen, fremde Betten und so. Und so wurde ich nach langen Windungen morgens vom Zimmerservice geweckt. Oops.. Gegen Viertel vor 10. Nun, nach Fr\u00fchst\u00fcck und Zusammenpacken gings dann nun zum ersten Vortrag um halb 12 heute mit dem Namen &#8222;<a href=\"http:\/\/events.ccc.de\/congress\/2008\/Fahrplan\/events\/2814.en.html\">Datenpannen<\/a>&#8222;. Das Jahr 2008 wird wohl in die Geschichte eingehen als das Jahr der gro\u00dfen Daten-GAUs mit den Katastrophen bei LIDL, anderen Discountern, Berliner Landesbanken, der Telekom, Universit\u00e4ten, usw. Apropos Universit\u00e4ten. Erinnern sich noch die Saarbr\u00fccker Studenten noch an die Anfangszeiten des CLIX-Systems, wo man am Anfang direkt mal alle pers\u00f6nlichen Daten inklusive Immatrikulationsdaten schnell und problemlos abfragen konnte (falls es jemand vergessen haben sollte).<\/p>\n<p>Zum Schluss gab es noch einige Forderungen, die man durchf\u00fchren m\u00fcsste, darunter die Einf\u00fchrung eines Datenbriefes. Die Firmen, die die Daten ihrer Kunden einfordern, sollen sich jedes Jahr bei den einzelnen Kunden melden und ihnen mitteilen, was mit ihren Daten passiert ist, an wen die Daten weitergegeben worden sind und wozu und die M\u00f6glichkeit bei Missfallen, das &#8222;Datenverh\u00e4ltnis&#8220; zwischen Datensammler und Datengeber zu trennen. Ich pers\u00f6nlich w\u00fcrde noch eine Art Daten-Schufa andenken, wo etwaige Datensammlerfirmen bewertet werden k\u00f6nnen nach der Art ihrer Datensammlung und woher die Daten stammen und wie legal diese erworben worden sind.<\/p>\n<p>Gut, danach ging es ab in den MediaMarkt, wo ich mich ein wenig Material f\u00fcr meine Spielzeuge eingedeckt hab. Hach wie toll.<\/p>\n<p>Danach gabs den n\u00e4chsten Panel \u00fcber den legend\u00e4ren &#8222;<a href=\"http:\/\/events.ccc.de\/congress\/2008\/Fahrplan\/events\/3028.en.html\">Hackerparagrafen \u00a7202c StGB<\/a>&#8222;. Dazu gab es betroffene Leute wie Journalisten, Wissenschaftler aus Lehre und Forschung, sowie Sicherheitsexperten, die Erfahrung am lebenden Exemplar eines Politikers erfahren haben, an denen jegliche Form der Logik abzuperlen scheinen, trotz eingehender Warnung von Forschern, Hackern und Vertretern der Wirtschaft. Es sind Geschichten von Unsicherheiten bei Lehrveranstaltungen, Erstellung von Heften oder einfach der normalen Arbeit die man t\u00e4glich verrichtet. Und der gesamte Tenor der Veranstaltung hat den Konsens, dass wir in einer sehr seltsamen Zeit leben, wo wir von Leuten gef\u00fchrt werden, die absolut keine Ahnung davon haben, wor\u00fcber sie da \u00fcberhaupt abstimmen. Selbst einfache Tools-Schreiber fl\u00fcchten nun in die Anonymit\u00e4t, haben Angst, dass sie unter \u00a7202 StGB angezeigt werden w\u00fcrden, und dies ist auch einer der vielen Gr\u00fcnde daf\u00fcr, dass der Fahrplan des 25C3 ausgerechnet zum 25. Jubil\u00e4um so d\u00fcrftig ausgefallen ist.<\/p>\n<p><img loading=\"lazy\" decoding=\"async\" class=\"aligncenter size-medium wp-image-436\" src=\"http:\/\/www.dailyarvel.de\/wp-content\/uploads\/2008\/12\/100_4994-300x169.jpg\" alt=\"100_4994\" width=\"300\" height=\"169\" srcset=\"http:\/\/www.dailyarvel.de\/wp-content\/uploads\/2008\/12\/100_4994-300x169.jpg 300w, http:\/\/www.dailyarvel.de\/wp-content\/uploads\/2008\/12\/100_4994.jpg 816w\" sizes=\"auto, (max-width: 300px) 100vw, 300px\" \/><\/p>\n<p>In die gleiche Richtung zielte der Talk danach \u00fcber die &#8222;<a href=\"http:\/\/events.ccc.de\/congress\/2008\/Fahrplan\/events\/2991.en.html\">Terrorist All-Stars<\/a>&#8222;. Eine Ansammlung von zahlreichen b\u00f6sen F\u00e4llen, in denen Umweltaktivisten, Globalisierungsgegner und dergleichen jahrelange Gef\u00e4ngnisstrafen aufgedr\u00fcckt bekommen unter dem Vorwand eines terroristischen Motivs. Und das nicht nur hier in Deutschland, sondern weltweit.<\/p>\n<p><img loading=\"lazy\" decoding=\"async\" class=\"aligncenter size-medium wp-image-437\" src=\"http:\/\/www.dailyarvel.de\/wp-content\/uploads\/2008\/12\/100_5008-300x169.jpg\" alt=\"100_5008\" width=\"300\" height=\"169\" srcset=\"http:\/\/www.dailyarvel.de\/wp-content\/uploads\/2008\/12\/100_5008-300x169.jpg 300w, http:\/\/www.dailyarvel.de\/wp-content\/uploads\/2008\/12\/100_5008.jpg 816w\" sizes=\"auto, (max-width: 300px) 100vw, 300px\" \/><\/p>\n<p>Den Nachmittagsblock schloss ein Panel zum Beitrag &#8222;Das Grundrecht auf digitale Intimsp\u00e4hre&#8220;. Neben dem Hackerparagraphen, dem Bundestrojaner und weiterer Schauergeschichten tritt nat\u00fcrlich noch eine andere Art des pers\u00f6nlichen Daten-GAUs auf&#8230; Wenn n\u00e4mlich die Polizei vor der T\u00fcr steht und einmal alle Festplatten, PCs und alles m\u00f6gliche was nur nach Datensammlung aussieht einkassiert und konfisziert. Und das nur weil man eine Software f\u00fcr 40 Euro raubkopiert hat. Und dabei einen Polizeieinsatz lostretet, der deutlich mehr gekostet hat&#8230;<\/p>\n<p><img loading=\"lazy\" decoding=\"async\" class=\"aligncenter size-medium wp-image-438\" src=\"http:\/\/www.dailyarvel.de\/wp-content\/uploads\/2008\/12\/100_5013-300x169.jpg\" alt=\"100_5013\" width=\"300\" height=\"169\" srcset=\"http:\/\/www.dailyarvel.de\/wp-content\/uploads\/2008\/12\/100_5013-300x169.jpg 300w, http:\/\/www.dailyarvel.de\/wp-content\/uploads\/2008\/12\/100_5013.jpg 816w\" sizes=\"auto, (max-width: 300px) 100vw, 300px\" \/><\/p>\n<p><img loading=\"lazy\" decoding=\"async\" class=\"aligncenter size-large wp-image-439\" src=\"http:\/\/www.dailyarvel.de\/wp-content\/uploads\/2008\/12\/100_5011-1024x397.jpg\" alt=\"100_5011\" width=\"1024\" height=\"397\" srcset=\"http:\/\/www.dailyarvel.de\/wp-content\/uploads\/2008\/12\/100_5011-1024x397.jpg 1024w, http:\/\/www.dailyarvel.de\/wp-content\/uploads\/2008\/12\/100_5011-300x116.jpg 300w, http:\/\/www.dailyarvel.de\/wp-content\/uploads\/2008\/12\/100_5011.jpg 1072w\" sizes=\"auto, (max-width: 1024px) 100vw, 1024px\" \/><\/p>\n<p><img loading=\"lazy\" decoding=\"async\" class=\"aligncenter size-full wp-image-440\" src=\"http:\/\/www.dailyarvel.de\/wp-content\/uploads\/2008\/12\/100_5014.jpg\" alt=\"100_5014\" width=\"816\" height=\"460\" srcset=\"http:\/\/www.dailyarvel.de\/wp-content\/uploads\/2008\/12\/100_5014.jpg 816w, http:\/\/www.dailyarvel.de\/wp-content\/uploads\/2008\/12\/100_5014-300x169.jpg 300w\" sizes=\"auto, (max-width: 816px) 100vw, 816px\" \/><\/p>\n<p style=\"text-align: center;\"><img loading=\"lazy\" decoding=\"async\" class=\"aligncenter\" src=\"http:\/\/www.hjo3.net\/orly\/gal1\/orly_owl.jpg\" alt=\"\" width=\"438\" height=\"400\" \/><\/p>\n<p>Nach der folgenden Pause gings weiter zu dem Talk auf den ich mich seit Wochen gefreut habe. &#8222;<a href=\"http:\/\/events.ccc.de\/congress\/2008\/Fahrplan\/events\/2815.en.html\">Beyond Asimov &#8211; Laws for Robots<\/a>&#8222;. Wow. Klasse&#8230; Erinnert mich doch leicht an unser MenschMaschinenMensch-Seminar. Ich hoffe, dass unsere Talks \u00e4hnlich gut sein werden. Schaut euch mal den Mitschnitt an, wenn er bald kommen sollte.<\/p>\n<p><img loading=\"lazy\" decoding=\"async\" class=\"aligncenter size-medium wp-image-441\" src=\"http:\/\/www.dailyarvel.de\/wp-content\/uploads\/2008\/12\/100_5019-300x169.jpg\" alt=\"100_5019\" width=\"300\" height=\"169\" srcset=\"http:\/\/www.dailyarvel.de\/wp-content\/uploads\/2008\/12\/100_5019-300x169.jpg 300w, http:\/\/www.dailyarvel.de\/wp-content\/uploads\/2008\/12\/100_5019.jpg 816w\" sizes=\"auto, (max-width: 300px) 100vw, 300px\" \/><\/p>\n<p>So, das war dann der erste Kongress-Tag f\u00fcr mich. Erstes Fazit: Die Organisation um die S\u00e4le herum scheint deutlich besser organisiert zu sein als im letzten Jahr. Es gibt deutlich mehr Tische, mehr Sitzpl\u00e4tze draussen, bessere Orga beim Catering (mit abgesteckten Warteschlangen). Was mich allerdings im Moment st\u00f6rt sind die Talks derzeit. Die sind meist \u00fcbervoll. Was durchaus damit begr\u00fcndet werden kann, dass oft nur 2 Talks anstatt drei stattfinden. Dadurch verteilen sich auf wenige S\u00e4le sehr viele Leute&#8230; Und so kommt es sehr oft vor, dass man schon 30 min vor dem Talk sich vor dem Saal befinden sollte, um sich noch rechtzeitig einen Sitzplatz sichern zu k\u00f6nnen. Am besten w\u00e4re es, meiner Meinung nach, wenn man die Talks besser verteilt h\u00e4tte (z.B. immer nur 2 Talks und den Talk in Saal 2 in Saal 3 streamen), w\u00e4re der letzte Tag deutlich attraktiver gewesen, als er jetzt w\u00e4re, und es w\u00e4re eine bessere Verteilung der Leute (Str\u00f6mungslehre und so ^^ *klugschei\u00df*). Ich k\u00f6nnte ja da helfen mit ein paar mathematischen Modellen&#8230; Aber schaun wir mal wie das die Tage noch klappen wird&#8230;<\/p>\n<p>Btw&#8230; Bei dem ganzen Thema f\u00fchle ich mich doch an das gute alte Lied der PSB zur\u00fcckerinnert&#8230; Integral aus dem Jahre 2006, das sich mit dem britischen Bestreben der britischen Regierung auseinandersetzt, als diese die Einf\u00fchrung einer ID-Karte (oder: Personalausweis) plante und B\u00fcrgerrechtsbewegungen f\u00fcrchten, dass dies die Erm\u00f6glichung eines gl\u00e4sernen B\u00fcrgers f\u00f6rdern w\u00fcrde, da dieser Perso nun mit allen m\u00f6glichen Biometriedaten vollgepackt werden k\u00f6nnte und w\u00fcrde.<\/p>\n<p>[yt]b7TSDUHhPIw[\/yt]<\/p>\n","protected":false},"excerpt":{"rendered":"<p>Erst einmal frohe Weihnachten nachtr\u00e4glich&#8230; ich war ein wenig&#8230; besch\u00e4ftigt&#8230; World of Goo macht s\u00fcchtig \ud83d\ude42 Jedenfalls habe ich mich auch noch ein wenig mit den Vorbereitungen f\u00fcr meinen &#8222;Urlaub&#8220; besch\u00e4ftigt, denn dieser Blogeintrag kommt nicht aus dem Saarland, sondern direkt aus Berlin. Ich hab mir gedacht&#8230; och&#8230; ich mach das gleiche wie im letzten [&hellip;]<\/p>\n","protected":false},"author":2,"featured_media":0,"comment_status":"open","ping_status":"open","sticky":false,"template":"","format":"standard","meta":{"_exactmetrics_skip_tracking":false,"_exactmetrics_sitenote_active":false,"_exactmetrics_sitenote_note":"","_exactmetrics_sitenote_category":0,"ngg_post_thumbnail":0,"jetpack_post_was_ever_published":false,"_jetpack_newsletter_access":"","_jetpack_dont_email_post_to_subs":false,"_jetpack_newsletter_tier_id":0,"_jetpack_memberships_contains_paywalled_content":false,"_jetpack_memberships_contains_paid_content":false,"footnotes":"","jetpack_publicize_message":"","jetpack_publicize_feature_enabled":true,"jetpack_social_post_already_shared":false,"jetpack_social_options":{"image_generator_settings":{"template":"highway","enabled":false},"version":2}},"categories":[21,6,1],"tags":[42,41],"class_list":["post-301","post","type-post","status-publish","format-standard","hentry","category-25c3","category-berlin","category-uncategorized","tag-25c3","tag-berlin"],"jetpack_publicize_connections":[],"jetpack_featured_media_url":"","jetpack_shortlink":"https:\/\/wp.me\/p2tmAQ-4R","jetpack_sharing_enabled":true,"_links":{"self":[{"href":"http:\/\/www.dailyarvel.de\/index.php?rest_route=\/wp\/v2\/posts\/301","targetHints":{"allow":["GET"]}}],"collection":[{"href":"http:\/\/www.dailyarvel.de\/index.php?rest_route=\/wp\/v2\/posts"}],"about":[{"href":"http:\/\/www.dailyarvel.de\/index.php?rest_route=\/wp\/v2\/types\/post"}],"author":[{"embeddable":true,"href":"http:\/\/www.dailyarvel.de\/index.php?rest_route=\/wp\/v2\/users\/2"}],"replies":[{"embeddable":true,"href":"http:\/\/www.dailyarvel.de\/index.php?rest_route=%2Fwp%2Fv2%2Fcomments&post=301"}],"version-history":[{"count":9,"href":"http:\/\/www.dailyarvel.de\/index.php?rest_route=\/wp\/v2\/posts\/301\/revisions"}],"predecessor-version":[{"id":429,"href":"http:\/\/www.dailyarvel.de\/index.php?rest_route=\/wp\/v2\/posts\/301\/revisions\/429"}],"wp:attachment":[{"href":"http:\/\/www.dailyarvel.de\/index.php?rest_route=%2Fwp%2Fv2%2Fmedia&parent=301"}],"wp:term":[{"taxonomy":"category","embeddable":true,"href":"http:\/\/www.dailyarvel.de\/index.php?rest_route=%2Fwp%2Fv2%2Fcategories&post=301"},{"taxonomy":"post_tag","embeddable":true,"href":"http:\/\/www.dailyarvel.de\/index.php?rest_route=%2Fwp%2Fv2%2Ftags&post=301"}],"curies":[{"name":"wp","href":"https:\/\/api.w.org\/{rel}","templated":true}]}}