{"id":1932,"date":"2017-11-26T23:19:08","date_gmt":"2017-11-26T21:19:08","guid":{"rendered":"http:\/\/www.dailyarvel.de\/?p=1932"},"modified":"2017-11-26T23:41:34","modified_gmt":"2017-11-26T21:41:34","slug":"die-welt-ist-verrueckt","status":"publish","type":"post","link":"http:\/\/www.dailyarvel.de\/?p=1932","title":{"rendered":"Die Welt ist verr\u00fcckt&#8230;"},"content":{"rendered":"<p class=\"p1\"><span class=\"s1\"><b><i>Was bedeutet \u201eVerr\u00fcckt\u201c?<\/i><\/b><\/span><\/p>\n<p class=\"p2\"><span class=\"s1\">Der Duden beschreibt das Wort \u201eVerr\u00fcckt\u201c auf verschiedene Art und Weise. (<a href=\"https:\/\/www.duden.de\/rechtschreibung\/verrueckt\">LINK<\/a>)<\/span><\/p>\n<p class=\"p2\"><span class=\"s1\">1.) krankhaft wirr im Denken und Handeln<\/span><\/p>\n<p class=\"p2\"><span class=\"s1\">2.) auf absonderliche, auff\u00e4llige Weise ungew\u00f6hnlich, ausgefallen, \u00fcberspannt, n\u00e4rrisch<\/span><\/p>\n<p class=\"p2\"><span class=\"s1\">3.) \u00fcber die Ma\u00dfen, au\u00dferordentlich, sehr<\/span><\/p>\n<p class=\"p2\"><span class=\"s1\">Die erste Bedeutung wird oftmals verwendet, wenn man eine (vermutlich) geistig oder psychisch gest\u00f6rte Person beschreibt, oder eine Person in deren Gedankeng\u00e4nge man sich nicht hineinversetzen kann. Manchmal wird es, wie bei der zweiten Erkl\u00e4rung h\u00e4ufig daf\u00fcr verwendet, um eine Handlung einer Person zu beschreiben, die man sich nicht erkl\u00e4ren kann und die ganz und gar ungew\u00f6hnlich ist, oder wenn diese Handlung vollkommen \u00fcberdreht und abgefahren ist.<\/span><\/p>\n<figure id=\"attachment_1939\" aria-describedby=\"caption-attachment-1939\" style=\"width: 584px\" class=\"wp-caption aligncenter\"><img loading=\"lazy\" decoding=\"async\" class=\"wp-image-1939 size-large\" src=\"http:\/\/www.dailyarvel.de\/wp-content\/uploads\/2017\/11\/23592075_10215122597880825_9120587457639678074_o-1024x1020.jpg\" alt=\"\" width=\"584\" height=\"582\" srcset=\"http:\/\/www.dailyarvel.de\/wp-content\/uploads\/2017\/11\/23592075_10215122597880825_9120587457639678074_o-1024x1020.jpg 1024w, http:\/\/www.dailyarvel.de\/wp-content\/uploads\/2017\/11\/23592075_10215122597880825_9120587457639678074_o-150x150.jpg 150w, http:\/\/www.dailyarvel.de\/wp-content\/uploads\/2017\/11\/23592075_10215122597880825_9120587457639678074_o-300x300.jpg 300w, http:\/\/www.dailyarvel.de\/wp-content\/uploads\/2017\/11\/23592075_10215122597880825_9120587457639678074_o-768x765.jpg 768w, http:\/\/www.dailyarvel.de\/wp-content\/uploads\/2017\/11\/23592075_10215122597880825_9120587457639678074_o-144x144.jpg 144w, http:\/\/www.dailyarvel.de\/wp-content\/uploads\/2017\/11\/23592075_10215122597880825_9120587457639678074_o-301x300.jpg 301w, http:\/\/www.dailyarvel.de\/wp-content\/uploads\/2017\/11\/23592075_10215122597880825_9120587457639678074_o.jpg 2048w\" sizes=\"auto, (max-width: 584px) 100vw, 584px\" \/><figcaption id=\"caption-attachment-1939\" class=\"wp-caption-text\">Sind wir denn alle verr\u00fcckt geworden?<\/figcaption><\/figure>\n<p><!--more--><\/p>\n<p class=\"p2\"><span class=\"s1\">Wenn ich zum Beispiel behaupten w\u00fcrde, ich habe mir ein Auto gekauft, nur damit ich ein Paket aus einer Packstation abholen konnte, w\u00fcrde mich wahrscheinlich auch jeder f\u00fcr verr\u00fcckt erkl\u00e4ren. Ich hab das aber auch wirklich so durchgezogen. Das Problem ist aber nur, dass dieser kurze Satz die Geschichte nur auf den Start- und den Endpunkt reduziert: Ich hatte ein Postpaket, das in der N\u00e4he von Stuttgart auf mich wartete, w\u00e4hrend ich mich in meiner saarl\u00e4ndischen Heimat befand. Es war Anfang Herbst, als ich mich nach einem langen Arbeitsjahr endlich meinen zweiw\u00f6chigen Jahresurlaub begann. Mein Auto war zu dem Zeitpunkt kurz vor dem Zerfall, der T\u00dcV war kurz vor dem Ende und der Motor war viel zu laut. Also beschloss ich mich dazu, diese zwei Wochen dazu zu nutzen mir ein neues Auto zu kaufen.<\/span><\/p>\n<figure id=\"attachment_1943\" aria-describedby=\"caption-attachment-1943\" style=\"width: 960px\" class=\"wp-caption aligncenter\"><img loading=\"lazy\" decoding=\"async\" class=\"wp-image-1943 size-full\" src=\"http:\/\/www.dailyarvel.de\/wp-content\/uploads\/2017\/11\/14980607_10211268206483449_1474088927651167564_n.jpg\" alt=\"\" width=\"960\" height=\"540\" srcset=\"http:\/\/www.dailyarvel.de\/wp-content\/uploads\/2017\/11\/14980607_10211268206483449_1474088927651167564_n.jpg 960w, http:\/\/www.dailyarvel.de\/wp-content\/uploads\/2017\/11\/14980607_10211268206483449_1474088927651167564_n-300x169.jpg 300w, http:\/\/www.dailyarvel.de\/wp-content\/uploads\/2017\/11\/14980607_10211268206483449_1474088927651167564_n-768x432.jpg 768w, http:\/\/www.dailyarvel.de\/wp-content\/uploads\/2017\/11\/14980607_10211268206483449_1474088927651167564_n-500x281.jpg 500w\" sizes=\"auto, (max-width: 960px) 100vw, 960px\" \/><figcaption id=\"caption-attachment-1943\" class=\"wp-caption-text\">RIP alter Freund<\/figcaption><\/figure>\n<p class=\"p2\"><span class=\"s1\">Kurz davor hatte ich mir auch ein neues Spiel f\u00fcr die Playstation bestellt, die limitierte Sonderedition von Rise of the Tomb Raider, mit einer riesigen Lara Croft Figur. Verschickt h\u00e4tte sie eigentlich schon seit Tage vorher gewesen sein sollen, aber die Best\u00e4tigung hatte bislang gefehlt. Also wartete ich am Montag nachmittag bis zum letztm\u00f6glichen Zeitpunkt, ob sie jetzt doch schon verschickt werden sollte, oder ob es schon vom Postboten zugestellt werden sollte. Abends wurde ich schon von meinen Freunden im Saarland erwartet, wo wir montags abends immer ein regelm\u00e4ssiges Quiz-Treffen haben. Um 16 Uhr hab ich dann die Amazon-Seite aufgemacht und<span class=\"Apple-converted-space\">&nbsp; <\/span>hab mir dann gedacht, dass ich doch eigentlich den Zustellort \u00e4ndern k\u00f6nnte zu einer anderen Packstation im Saarland. Also \u00f6ffnete ich die Bestellseite\u2026 und konnte nichts mehr \u00e4ndern\u2026 Irgendwas passierte gerade mit meiner Bestellung. 2 Minuten sp\u00e4ter kam dann auch schon die Best\u00e4tigung per Mail. Das Paket wurde soeben verschickt, Zustelltermin ein Tag sp\u00e4ter. Toll. Klasse. Ich konnte nun nichts mehr machen, also bin ich ins Saarland gefahren. Tags drauf wurde das Paket dann tats\u00e4chlich in eine Packstation im sch\u00f6nen Esslingen am Neckar zugestellt. Allerdings sollte dieses Paket nur innerhalb der folgenden 9 Kalendertage in dieser Packstation verbleiben. Und dann w\u00fcrde es wieder zur\u00fcckgeschickt werden. Da die limitierten Kapazit\u00e4ten dieser Bestellung schon ausverkauft waren, musste ich es also selbst abholen, bevor es wieder zu amazon zur\u00fcckgeschickt werden w\u00fcrde.<\/span><\/p>\n<figure id=\"attachment_1937\" aria-describedby=\"caption-attachment-1937\" style=\"width: 720px\" class=\"wp-caption aligncenter\"><img loading=\"lazy\" decoding=\"async\" class=\"wp-image-1937 size-full\" src=\"http:\/\/www.dailyarvel.de\/wp-content\/uploads\/2017\/11\/14732303_10211228930261568_7885343320591305420_n.jpg\" alt=\"\" width=\"720\" height=\"960\" srcset=\"http:\/\/www.dailyarvel.de\/wp-content\/uploads\/2017\/11\/14732303_10211228930261568_7885343320591305420_n.jpg 720w, http:\/\/www.dailyarvel.de\/wp-content\/uploads\/2017\/11\/14732303_10211228930261568_7885343320591305420_n-225x300.jpg 225w\" sizes=\"auto, (max-width: 720px) 100vw, 720px\" \/><figcaption id=\"caption-attachment-1937\" class=\"wp-caption-text\">Die Lara des Anstosses<\/figcaption><\/figure>\n<p class=\"p2\"><span class=\"s1\">Als erstes w\u00fcrde einem sofort die Idee kommen und zu sagen, man k\u00f6nnte doch das Paket von einer Packstation zu einer anderen schicken. Geht aber nicht, erst recht nicht, wenn sie schon zugestellt wurde. Wurde mir dann auch per Korrespondenz mit dem DHL-Kundenservice so mitgeteilt. Der andere schlaue Vorschlag von Freunden war, dass ich doch jemand fragen k\u00f6nnte, der das Paket f\u00fcr mich aus der Packstation entnehmen k\u00f6nnte. Geht aber auch nicht, da man dazu eine bestimmte Karte ben\u00f6tigt, um sich als Postkunde auszuweisen\u2026 und die hatte ich mit mir ins Saarland genommen. Also blieb nur eine M\u00f6glichkeit: In der Mitte des Urlaubs kurz nach Esslingen zu fahren um das Paket aus der Packstation zu entnehmen und dann wieder zur\u00fcckzufahren.<\/span><\/p>\n<figure id=\"attachment_1938\" aria-describedby=\"caption-attachment-1938\" style=\"width: 584px\" class=\"wp-caption aligncenter\"><img loading=\"lazy\" decoding=\"async\" class=\"wp-image-1938\" src=\"http:\/\/www.dailyarvel.de\/wp-content\/uploads\/2017\/11\/14900351_10211226484520426_3675840091947405299_n.jpg\" alt=\"\" width=\"584\" height=\"329\" srcset=\"http:\/\/www.dailyarvel.de\/wp-content\/uploads\/2017\/11\/14900351_10211226484520426_3675840091947405299_n.jpg 960w, http:\/\/www.dailyarvel.de\/wp-content\/uploads\/2017\/11\/14900351_10211226484520426_3675840091947405299_n-300x169.jpg 300w, http:\/\/www.dailyarvel.de\/wp-content\/uploads\/2017\/11\/14900351_10211226484520426_3675840091947405299_n-768x432.jpg 768w, http:\/\/www.dailyarvel.de\/wp-content\/uploads\/2017\/11\/14900351_10211226484520426_3675840091947405299_n-500x281.jpg 500w\" sizes=\"auto, (max-width: 584px) 100vw, 584px\" \/><figcaption id=\"caption-attachment-1938\" class=\"wp-caption-text\">Es lebe die Packstation!<\/figcaption><\/figure>\n<p class=\"p2\"><span class=\"s1\">&nbsp;Gut, am selben Tag machte ich mich dann aber mit meinem Vater und einem meiner besten Freunde auf die Suche nach einem neuen Gef\u00e4hrt. Bei der ersten Station waren wir noch nicht allzu f\u00fcndig geworden, allerdings gab es bei der zweiten Station einen Jahreswagen, der mir sehr gut gefallen hatte. Eine Probefahrt wurde f\u00fcr den folgenden Tag organisiert und am n\u00e4chsten Tag hab ich mich dann dazu entschlossen, dieses Auto dann auch zu bestellen.<\/span><\/p>\n<figure id=\"attachment_1940\" aria-describedby=\"caption-attachment-1940\" style=\"width: 528px\" class=\"wp-caption aligncenter\"><img loading=\"lazy\" decoding=\"async\" class=\"wp-image-1940 size-full\" src=\"http:\/\/www.dailyarvel.de\/wp-content\/uploads\/2017\/11\/Auto.jpg\" alt=\"\" width=\"528\" height=\"960\" srcset=\"http:\/\/www.dailyarvel.de\/wp-content\/uploads\/2017\/11\/Auto.jpg 528w, http:\/\/www.dailyarvel.de\/wp-content\/uploads\/2017\/11\/Auto-165x300.jpg 165w\" sizes=\"auto, (max-width: 528px) 100vw, 528px\" \/><figcaption id=\"caption-attachment-1940\" class=\"wp-caption-text\">Hallo neuer Freund<\/figcaption><\/figure>\n<p class=\"p2\"><span class=\"s1\">Die Frage, die dann allerdings aufkam, war eine sehr interessante: An welchem Ort m\u00f6chte ich denn das Auto anmelden. Ich h\u00e4tte das Auto durchaus in meiner Heimat anmelden k\u00f6nnen, aber ich wollte eigentlich das Auto am aktuellen Wohnort anmelden. Der Autoh\u00e4ndler sagte mir dann, dass das Autohaus im Saarland die Anmeldung des Autos selbst machen k\u00f6nnte, aber nicht ausserhalb des Saarlandes. Das hei\u00dft, ich musste es selbst in Esslingen anmelden innerhalb der n\u00e4chsten Tage. Und genau das war der Anlass, den ich gebraucht habe, um das Paket aus der vertrackten Lage in der Packstation zu befreien. Ich erhielt mehrere Erinnerungsnachrichten, dass sich da ein Paket von mir noch irgendwo befand, die mich immer nerv\u00f6ser machten. Am folgenden Wochenende war es dann soweit. Mit dem Zug ging es zur\u00fcck nach Esslingen und nach einem kleinen Trip mit der S-Bahn konnte ich dann das Paket nach knapp 6 von 9 Tagen aus der Packstation befreien. Die Anmeldung des Autos erledigte ich dann am n\u00e4chsten Morgen und ich war passend zum Mittagessen wieder in der Heimat. Zwei Tage sp\u00e4ter habe ich dann mein neues Auto erhalten. Ein tolles Auto. Aber, wenn mich einer fragen sollte, sage ich immer, dass ich das Auto nur gekauft habe, um das Paket aus der Paketstation in Esslingen zu fischen.<\/span><\/p>\n<figure id=\"attachment_1936\" aria-describedby=\"caption-attachment-1936\" style=\"width: 960px\" class=\"wp-caption aligncenter\"><img loading=\"lazy\" decoding=\"async\" class=\"wp-image-1936 size-full\" src=\"http:\/\/www.dailyarvel.de\/wp-content\/uploads\/2017\/11\/14568069_10211235405463444_5618063686992237144_n.jpg\" alt=\"\" width=\"960\" height=\"540\" srcset=\"http:\/\/www.dailyarvel.de\/wp-content\/uploads\/2017\/11\/14568069_10211235405463444_5618063686992237144_n.jpg 960w, http:\/\/www.dailyarvel.de\/wp-content\/uploads\/2017\/11\/14568069_10211235405463444_5618063686992237144_n-300x169.jpg 300w, http:\/\/www.dailyarvel.de\/wp-content\/uploads\/2017\/11\/14568069_10211235405463444_5618063686992237144_n-768x432.jpg 768w, http:\/\/www.dailyarvel.de\/wp-content\/uploads\/2017\/11\/14568069_10211235405463444_5618063686992237144_n-500x281.jpg 500w\" sizes=\"auto, (max-width: 960px) 100vw, 960px\" \/><figcaption id=\"caption-attachment-1936\" class=\"wp-caption-text\">Esslingen am Neckar<\/figcaption><\/figure>\n<p class=\"p2\"><span class=\"s1\">Klar, es klingt verr\u00fcckt. Aber nach der Erkl\u00e4rung dieses ellenlangen Kontextes macht diese Verk\u00fcrzung auch wieder Sinn. Aber niemand h\u00f6rt oder liest gerne heutzutage eine 5 Minuten lange, langweilige Geschichte \u00fcber Sinn und Unsinn eines Pakettransports innerhalb des deutschen Postsystems. Niemand nimmt sich die Zeit, um anderen zuzuh\u00f6ren, was man sich gegenseitig erz\u00e4hlt. Alles muss auf kurze Stichpunkte zusammengek\u00fcrzt werden oder auf schlagkr\u00e4ftige Headlines reduziert werden. Bei einem Vorstellungsgespr\u00e4ch bei einer Firma vor ein paar Jahren sollte ich meine Aussagen auf wenige, kurze, pr\u00e4gnante S\u00e4tze reduzieren. Gut. Sagen wir mal so. Das ist bei mir schwierig. Ich mag es halt, komplexe Dinge in epischer Breite zu erz\u00e4hlen. Wie eben schon bei der Paket-Geschichte gesehen. Dementsprechend war das Vorstellungsgespr\u00e4ch auch nicht sehr erfolgreich gewesen. Aber, man sieht auch, dass eine Verk\u00fcrzung auf kurze S\u00e4tze stellenweise kaum m\u00f6glich ist, bzw. schwierig ist, und besonders bei Dingen, die sehr viel Fachwissen ben\u00f6tigen und entsprechenden Kontext kann eine Verk\u00fcrzung auf Bullet Points geradezu fast schon t\u00f6dlich sein. <\/span><\/p>\n<p class=\"p2\"><span class=\"s1\">Und dies ist eines der Kernprobleme der heutigen Zeit. Wir h\u00f6ren anderen Menschen nicht mehr zu. Wir wollen nur noch die kurze 5-Minuten-Zusammenfassung der Nachrichten sehen, anstatt die Tagesthemen am Abend. Die Mitarbeiter des CIA, die das t\u00e4gliche Briefing f\u00fcr Donald Trump vorbereiten wissen mittlerweile genau, wie sie ihre Reports zusammenschreiben m\u00fcssen, damit der Commander in Chief nicht nach 2 S\u00e4tzen das Interesse am Thema verliert. Wir sehen nur noch die Breaking News Headlines bei aktuellen Ereignissen im Vorbeigehen als Kurznachricht der Nachrichten-App oder als 140-Zeichen-Botschaft (bzw. mittlerweile 280) auf Twitter. Das Wieso-Weshalb-Warum einer Nachricht bleibt aber im Verborgenen. Wenn wir zum Beispiel Nachrichten \u00fcber den Syrienkrieg sehen, erinnert sich kaum einer mehr dran, wieso dieser Krieg \u00fcberhaupt ausgebrochen ist und wer die ganzen Mitspieler sind und was diese damals motiviert hat, bzw. heute. Viele Leute beschweren sich \u00fcber den schwammigen Begriff, der heute als Schreckgespenst in der Gesellschaft herumkursiert: \u201eDie Fl\u00fcchtlinge\u201c. Gestiegene Verbrechenszahlen? Es waren die Fl\u00fcchtlinge. Mehr Vergewaltigungen? Die Fl\u00fcchtlinge. Sexuelle Bel\u00e4stigungen im Schwimmbad? Die Fl\u00fcchtlinge. Viele dieser Nachrichten sind aus dem Bereich der Fake News, auch wenn vereinzelt durchaus die eine oder andere wahre Nachricht sich darunter befindet. Aber wenn man eine stereotype Nachricht mit Sex und Crime in der Zeitung liest, ist die finale Punchline: Ein Fl\u00fcchtling wars. In der Masse zusammengez\u00e4hlt, muss man dann ein schreckliches Bild von Fl\u00fcchtlingen bekommen. Allerdings gibt es zahlreiche \u00e4hnliche Dramen, die sich in Deutschland abspielen, wo dann allerdings zum Schluss nicht darauf hingewiesen wird, dass der Tatverd\u00e4chtige ausdr\u00fccklich ein deutscher Staatsangeh\u00f6riger war. Und wenn wir auf die Fake News zur\u00fcckkommen, die sich zum Teil in sozialen Netzwerken verbreiten, dann sehen wir zumeist nur die stark verk\u00fcrzte Headline, die dann das eine oder andere bereits vorhandene Vorurteil nur noch verst\u00e4rken. Und wenn dann die beste Freundin das auch noch postet, dann muss das ja auch stimmen\u2026<\/span><\/p>\n<p class=\"p2\"><span class=\"s1\">Wir hinterfragen heutzutage zu wenig, was in den Nachrichten steht oder was wir in sozialen Netzwerken lesen. Wenn ich zum Beispiel jemanden sehe, der ernsthaft im Internet argumentiert, dass die Erde flach ist, was eine vollkommen verr\u00fcckte Aussage ist, angesichts der erschlagenden Argumente und Beweise, bekomme ich dann im Gegenzug eine beleidigende Aussage zur\u00fcck, dass ich doch selbst verr\u00fcckt sei, weil ich Teil eines verschw\u00f6rerischen Systems der Wissenschaften und der Eliten sei, die Gehirnw\u00e4sche mit der Bev\u00f6lkerung betreiben w\u00fcrden. Ich soll doch meine Augen aufmachen. Diese Augen habe ich jetzt aufgemacht. Wir alle sind verr\u00fcckt.<br \/>\n<\/span><\/p>\n<p class=\"p1\"><span class=\"s1\">Interessanterweise ist der Begriff \u201eVerr\u00fcckt\u201c auch aus einem anderen Kontext interessant. Und zwar vom Verb \u201everr\u00fccken\u201c. Ich stell mir zum Beispiel vor, dass die gesamte Menschheit versucht hat, das komplette Mobilar im Zuhause zu verstellen. Und dann r\u00fcckt man den einen Schrank etwas mehr nach links und das Side-Board etwas nach rechts, um dann zu merken, dass man eine Steckdose zugestellt hat oder es nicht mehr symmetrisch aussieht. Und im Moment f\u00fchlt es sich so an, dass man versucht die M\u00f6bel so nah wie nur m\u00f6glich an die Treppe ins Untergeschoss r\u00fccken m\u00f6chte. Und wir wissen alle, was passiert, wenn man in dieser Situation die M\u00f6bel falsch verr\u00fcckt\u2026<\/span><\/p>\n","protected":false},"excerpt":{"rendered":"<p>Was bedeutet \u201eVerr\u00fcckt\u201c? Der Duden beschreibt das Wort \u201eVerr\u00fcckt\u201c auf verschiedene Art und Weise. (LINK) 1.) krankhaft wirr im Denken und Handeln 2.) auf absonderliche, auff\u00e4llige Weise ungew\u00f6hnlich, ausgefallen, \u00fcberspannt, n\u00e4rrisch 3.) \u00fcber die Ma\u00dfen, au\u00dferordentlich, sehr Die erste Bedeutung wird oftmals verwendet, wenn man eine (vermutlich) geistig oder psychisch gest\u00f6rte Person beschreibt, oder eine [&hellip;]<\/p>\n","protected":false},"author":2,"featured_media":0,"comment_status":"open","ping_status":"open","sticky":false,"template":"","format":"standard","meta":{"_exactmetrics_skip_tracking":false,"_exactmetrics_sitenote_active":false,"_exactmetrics_sitenote_note":"","_exactmetrics_sitenote_category":0,"ngg_post_thumbnail":0,"jetpack_post_was_ever_published":false,"_jetpack_newsletter_access":"","_jetpack_dont_email_post_to_subs":false,"_jetpack_newsletter_tier_id":0,"_jetpack_memberships_contains_paywalled_content":false,"_jetpack_memberships_contains_paid_content":false,"footnotes":"","jetpack_publicize_message":"","jetpack_publicize_feature_enabled":true,"jetpack_social_post_already_shared":true,"jetpack_social_options":{"image_generator_settings":{"template":"highway","enabled":false},"version":2}},"categories":[1],"tags":[],"class_list":["post-1932","post","type-post","status-publish","format-standard","hentry","category-uncategorized"],"jetpack_publicize_connections":[],"jetpack_featured_media_url":"","jetpack_shortlink":"https:\/\/wp.me\/p2tmAQ-va","jetpack_sharing_enabled":true,"_links":{"self":[{"href":"http:\/\/www.dailyarvel.de\/index.php?rest_route=\/wp\/v2\/posts\/1932","targetHints":{"allow":["GET"]}}],"collection":[{"href":"http:\/\/www.dailyarvel.de\/index.php?rest_route=\/wp\/v2\/posts"}],"about":[{"href":"http:\/\/www.dailyarvel.de\/index.php?rest_route=\/wp\/v2\/types\/post"}],"author":[{"embeddable":true,"href":"http:\/\/www.dailyarvel.de\/index.php?rest_route=\/wp\/v2\/users\/2"}],"replies":[{"embeddable":true,"href":"http:\/\/www.dailyarvel.de\/index.php?rest_route=%2Fwp%2Fv2%2Fcomments&post=1932"}],"version-history":[{"count":6,"href":"http:\/\/www.dailyarvel.de\/index.php?rest_route=\/wp\/v2\/posts\/1932\/revisions"}],"predecessor-version":[{"id":1945,"href":"http:\/\/www.dailyarvel.de\/index.php?rest_route=\/wp\/v2\/posts\/1932\/revisions\/1945"}],"wp:attachment":[{"href":"http:\/\/www.dailyarvel.de\/index.php?rest_route=%2Fwp%2Fv2%2Fmedia&parent=1932"}],"wp:term":[{"taxonomy":"category","embeddable":true,"href":"http:\/\/www.dailyarvel.de\/index.php?rest_route=%2Fwp%2Fv2%2Fcategories&post=1932"},{"taxonomy":"post_tag","embeddable":true,"href":"http:\/\/www.dailyarvel.de\/index.php?rest_route=%2Fwp%2Fv2%2Ftags&post=1932"}],"curies":[{"name":"wp","href":"https:\/\/api.w.org\/{rel}","templated":true}]}}